{"id":33460,"date":"2025-12-05T11:09:39","date_gmt":"2025-12-05T09:09:39","guid":{"rendered":"https:\/\/besthousemarbella.com\/blog\/acheter-un-bien-a-marbella-en-2025-regles-et-taxes\/"},"modified":"2026-03-23T10:33:17","modified_gmt":"2026-03-23T08:33:17","slug":"acheter-un-bien-a-marbella-en-2025-regles-et-taxes","status":"publish","type":"post","link":"https:\/\/besthousemarbella.com\/fr\/blog\/acheter-un-bien-a-marbella-en-2025-regles-et-taxes\/","title":{"rendered":"Acheter un bien immobilier \u00e0 Marbella en 2026 : nouvelles r\u00e8gles et fiscalit\u00e9"},"content":{"rendered":"\t\t<div data-elementor-type=\"wp-post\" data-elementor-id=\"33460\" class=\"elementor elementor-33460 elementor-33434\" data-elementor-post-type=\"post\">\n\t\t\t\t<div class=\"elementor-element elementor-element-de8558a e-flex e-con-boxed e-con e-parent\" data-id=\"de8558a\" data-element_type=\"container\" data-e-type=\"container\">\n\t\t\t\t\t<div class=\"e-con-inner\">\n\t\t\t\t<div class=\"elementor-element elementor-element-9b66db8 elementor-widget elementor-widget-houzez_elementor_space\" data-id=\"9b66db8\" data-element_type=\"widget\" data-e-type=\"widget\" data-widget_type=\"houzez_elementor_space.default\">\n\t\t\t\t<div class=\"elementor-widget-container\">\n\t\t\t\t\t        <div class=\"houzez-spacer\">\n            <div class=\"houzez-spacer-inner\"><\/div>\n        <\/div>\n        \t\t\t\t<\/div>\n\t\t\t\t<\/div>\n\t\t\t\t<div class=\"elementor-element elementor-element-4712b40 elementor-widget elementor-widget-heading\" data-id=\"4712b40\" data-element_type=\"widget\" data-e-type=\"widget\" data-widget_type=\"heading.default\">\n\t\t\t\t<div class=\"elementor-widget-container\">\n\t\t\t\t\t<h1 class=\"elementor-heading-title elementor-size-default\">Acheter un bien immobilier \u00e0 Marbella en 2026 : \nnouvelles r\u00e8gles et fiscalit\u00e9<\/h1>\t\t\t\t<\/div>\n\t\t\t\t<\/div>\n\t\t\t\t<div class=\"elementor-element elementor-element-4a80952 elementor-hidden-mobile elementor-widget elementor-widget-houzez-property-breadcrumb\" data-id=\"4a80952\" data-element_type=\"widget\" data-e-type=\"widget\" data-widget_type=\"houzez-property-breadcrumb.default\">\n\t\t\t\t<div class=\"elementor-widget-container\">\n\t\t\t\t\t<div class=\"breadcrumb-wrap\"><ol class=\"breadcrumb\"><li class=\"breadcrumb-item breadcrumb-item-home\"><i class=\"houzez-icon icon-house\"><\/i><a href=\"https:\/\/besthousemarbella.com\/fr\/\/\">Accueil<\/a><\/li><\/ol><\/div>\t\t\t\t<\/div>\n\t\t\t\t<\/div>\n\t\t\t\t<div class=\"elementor-element elementor-element-343c763 elementor-toc--minimized-on-desktop elementor-widget__width-initial elementor-widget elementor-widget-table-of-contents\" data-id=\"343c763\" data-element_type=\"widget\" data-e-type=\"widget\" data-settings=\"{&quot;headings_by_tags&quot;:[&quot;h2&quot;,&quot;h3&quot;],&quot;exclude_headings_by_selector&quot;:[],&quot;no_headings_message&quot;:&quot;No headings were found on this page.&quot;,&quot;minimized_on&quot;:&quot;desktop&quot;,&quot;marker_view&quot;:&quot;numbers&quot;,&quot;minimize_box&quot;:&quot;yes&quot;,&quot;hierarchical_view&quot;:&quot;yes&quot;,&quot;min_height&quot;:{&quot;unit&quot;:&quot;px&quot;,&quot;size&quot;:&quot;&quot;,&quot;sizes&quot;:[]},&quot;min_height_tablet&quot;:{&quot;unit&quot;:&quot;px&quot;,&quot;size&quot;:&quot;&quot;,&quot;sizes&quot;:[]},&quot;min_height_mobile&quot;:{&quot;unit&quot;:&quot;px&quot;,&quot;size&quot;:&quot;&quot;,&quot;sizes&quot;:[]}}\" data-widget_type=\"table-of-contents.default\">\n\t\t\t\t<div class=\"elementor-widget-container\">\n\t\t\t\t\t\t\t\t\t<div class=\"elementor-toc__header\">\n\t\t\t\t\t\t<h2 class=\"elementor-toc__header-title\">\n\t\t\t\tTable des mati\u00e8res\t\t\t<\/h2>\n\t\t\t\t\t\t\t\t\t\t<div class=\"elementor-toc__toggle-button elementor-toc__toggle-button--expand\" role=\"button\" tabindex=\"0\" aria-controls=\"elementor-toc__343c763\" aria-expanded=\"true\" aria-label=\"Ouvrir la table des mati\u00e8res\"><svg aria-hidden=\"true\" class=\"e-font-icon-svg e-fas-chevron-down\" viewBox=\"0 0 448 512\" xmlns=\"http:\/\/www.w3.org\/2000\/svg\"><path d=\"M207.029 381.476L12.686 187.132c-9.373-9.373-9.373-24.569 0-33.941l22.667-22.667c9.357-9.357 24.522-9.375 33.901-.04L224 284.505l154.745-154.021c9.379-9.335 24.544-9.317 33.901.04l22.667 22.667c9.373 9.373 9.373 24.569 0 33.941L240.971 381.476c-9.373 9.372-24.569 9.372-33.942 0z\"><\/path><\/svg><\/div>\n\t\t\t\t<div class=\"elementor-toc__toggle-button elementor-toc__toggle-button--collapse\" role=\"button\" tabindex=\"0\" aria-controls=\"elementor-toc__343c763\" aria-expanded=\"true\" aria-label=\"Fermer la table des mati\u00e8res\"><svg aria-hidden=\"true\" class=\"e-font-icon-svg e-fas-chevron-up\" viewBox=\"0 0 448 512\" xmlns=\"http:\/\/www.w3.org\/2000\/svg\"><path d=\"M240.971 130.524l194.343 194.343c9.373 9.373 9.373 24.569 0 33.941l-22.667 22.667c-9.357 9.357-24.522 9.375-33.901.04L224 227.495 69.255 381.516c-9.379 9.335-24.544 9.317-33.901-.04l-22.667-22.667c-9.373-9.373-9.373-24.569 0-33.941L207.03 130.525c9.372-9.373 24.568-9.373 33.941-.001z\"><\/path><\/svg><\/div>\n\t\t\t\t\t<\/div>\n\t\t\t\t<div id=\"elementor-toc__343c763\" class=\"elementor-toc__body\">\n\t\t\t<div class=\"elementor-toc__spinner-container\">\n\t\t\t\t<svg class=\"elementor-toc__spinner eicon-animation-spin e-font-icon-svg e-eicon-loading\" aria-hidden=\"true\" viewBox=\"0 0 1000 1000\" xmlns=\"http:\/\/www.w3.org\/2000\/svg\"><path d=\"M500 975V858C696 858 858 696 858 500S696 142 500 142 142 304 142 500H25C25 237 238 25 500 25S975 237 975 500 763 975 500 975Z\"><\/path><\/svg>\t\t\t<\/div>\n\t\t<\/div>\n\t\t\t\t\t\t<\/div>\n\t\t\t\t<\/div>\n\t\t\t\t<div class=\"elementor-element elementor-element-6c35c8c elementor-widget elementor-widget-houzez_elementor_space\" data-id=\"6c35c8c\" data-element_type=\"widget\" data-e-type=\"widget\" data-widget_type=\"houzez_elementor_space.default\">\n\t\t\t\t<div class=\"elementor-widget-container\">\n\t\t\t\t\t        <div class=\"houzez-spacer\">\n            <div class=\"houzez-spacer-inner\"><\/div>\n        <\/div>\n        \t\t\t\t<\/div>\n\t\t\t\t<\/div>\n\t\t\t\t<div class=\"elementor-element elementor-element-c0a2a7c elementor-widget elementor-widget-Houzez_Banner_Image\" data-id=\"c0a2a7c\" data-element_type=\"widget\" data-e-type=\"widget\" data-widget_type=\"Houzez_Banner_Image.default\">\n\t\t\t\t<div class=\"elementor-widget-container\">\n\t\t\t\t\t\n        <div class=\"banner-image-module d-flex justify-content-center align-items-center\">\n                        \n            <img decoding=\"async\" class=\"img-fluid\" src=\"https:\/\/besthousemarbella.com\/wp-content\/uploads\/2025\/11\/5730MLPH-High-21-2048x1365.webp\" alt=\"Image from \u2013\" title=\"\">\n                            <a class=\"banner-image-module-link w-100 h-100 top-0 bottom-0 start-0 end-0\"><\/a>\n                    <\/div>\n        \n   \t\t\t\t<\/div>\n\t\t\t\t<\/div>\n\t\t\t\t<div class=\"elementor-element elementor-element-d95636e elementor-widget elementor-widget-houzez_elementor_space\" data-id=\"d95636e\" data-element_type=\"widget\" data-e-type=\"widget\" data-widget_type=\"houzez_elementor_space.default\">\n\t\t\t\t<div class=\"elementor-widget-container\">\n\t\t\t\t\t        <div class=\"houzez-spacer\">\n            <div class=\"houzez-spacer-inner\"><\/div>\n        <\/div>\n        \t\t\t\t<\/div>\n\t\t\t\t<\/div>\n\t\t\t\t<div class=\"elementor-element elementor-element-8a7bc72 elementor-widget elementor-widget-text-editor\" data-id=\"8a7bc72\" data-element_type=\"widget\" data-e-type=\"widget\" data-widget_type=\"text-editor.default\">\n\t\t\t\t<div class=\"elementor-widget-container\">\n\t\t\t\t\t\t\t\t\t<p data-start=\"724\" data-end=\"1035\"><em>Si vous envisagez d&#8217;acheter un bien immobilier \u00e0 Marbella en 2026, sachez que le paysage a consid\u00e9rablement chang\u00e9. L&#8217;Espagne a mis en place d&#8217;importantes r\u00e9formes r\u00e9glementaires, fiscales et en mati\u00e8re de visas qui concernent les acheteurs \u00e9trangers, les investisseurs et toute personne \u00e0 la recherche de villas de luxe \u00e0 Marbella, de nouveaux programmes immobiliers ou d&#8217;opportunit\u00e9s immobili\u00e8res haut de gamme. <\/em><\/p><p data-start=\"1037\" data-end=\"1277\"><em>Ce guide mis \u00e0 jour explique comment la fin du Golden Visa espagnol en 2026, les nouvelles propositions fiscales et l&#8217;\u00e9volution des r\u00e8gles de r\u00e9sidence auront une incidence sur votre capacit\u00e9 \u00e0 acheter, investir et garantir une valeur \u00e0 long terme sur le march\u00e9 immobilier de Marbella en 2026.<\/em><\/p><p data-start=\"1279\" data-end=\"1428\"><em>Il comprend des strat\u00e9gies claires pour prot\u00e9ger votre investissement, \u00e9viter les surprises fiscales et choisir le bon type de bien immobilier dans le nouveau contexte juridique actuel.<\/em><\/p>\t\t\t\t\t\t\t\t<\/div>\n\t\t\t\t<\/div>\n\t\t\t\t<div class=\"elementor-element elementor-element-8dec1b5 elementor-widget elementor-widget-houzez_elementor_space\" data-id=\"8dec1b5\" data-element_type=\"widget\" data-e-type=\"widget\" data-widget_type=\"houzez_elementor_space.default\">\n\t\t\t\t<div class=\"elementor-widget-container\">\n\t\t\t\t\t        <div class=\"houzez-spacer\">\n            <div class=\"houzez-spacer-inner\"><\/div>\n        <\/div>\n        \t\t\t\t<\/div>\n\t\t\t\t<\/div>\n\t\t\t\t<div class=\"elementor-element elementor-element-2a4b881 elementor-widget elementor-widget-heading\" data-id=\"2a4b881\" data-element_type=\"widget\" data-e-type=\"widget\" data-widget_type=\"heading.default\">\n\t\t\t\t<div class=\"elementor-widget-container\">\n\t\t\t\t\t<h2 class=\"elementor-heading-title elementor-size-default\">Ce qui a chang\u00e9 en 2026 \u2014 Les nouvelles r\u00e8gles que tout acheteur doit conna\u00eetre<\/h2>\t\t\t\t<\/div>\n\t\t\t\t<\/div>\n\t\t\t\t<div class=\"elementor-element elementor-element-ef0c9ef elementor-widget elementor-widget-houzez_elementor_space\" data-id=\"ef0c9ef\" data-element_type=\"widget\" data-e-type=\"widget\" data-widget_type=\"houzez_elementor_space.default\">\n\t\t\t\t<div class=\"elementor-widget-container\">\n\t\t\t\t\t        <div class=\"houzez-spacer\">\n            <div class=\"houzez-spacer-inner\"><\/div>\n        <\/div>\n        \t\t\t\t<\/div>\n\t\t\t\t<\/div>\n\t\t\t\t<div class=\"elementor-element elementor-element-7db1f4f elementor-widget elementor-widget-heading\" data-id=\"7db1f4f\" data-element_type=\"widget\" data-e-type=\"widget\" data-widget_type=\"heading.default\">\n\t\t\t\t<div class=\"elementor-widget-container\">\n\t\t\t\t\t<h3 class=\"elementor-heading-title elementor-size-default\">1. La voie d'obtention du visa dor\u00e9 est compl\u00e8tement supprim\u00e9e.<\/h3>\t\t\t\t<\/div>\n\t\t\t\t<\/div>\n\t\t\t\t<div class=\"elementor-element elementor-element-34e69b2 elementor-widget elementor-widget-text-editor\" data-id=\"34e69b2\" data-element_type=\"widget\" data-e-type=\"widget\" data-widget_type=\"text-editor.default\">\n\t\t\t\t<div class=\"elementor-widget-container\">\n\t\t\t\t\t\t\t\t\t<p> <\/p><p data-start=\"1550\" data-end=\"1659\">La fin du programme <strong data-start=\"1554\" data-end=\"1587\">Golden Visa espagnol en 2025<\/strong> est le changement le plus important qui affecte les investisseurs internationaux. Cela signifie : <\/p><ul data-start=\"1661\" data-end=\"1961\"><li data-start=\"1661\" data-end=\"1753\"><p data-start=\"1663\" data-end=\"1753\"><strong data-start=\"1670\" data-end=\"1701\"><a href=\"https:\/\/besthousemarbella.com\/blog\/top-luxury-villas-for-sale-in-marbella-2025\/\">L&#8217;achat d&#8217;une villa \u00e0 Marbella<\/a><\/strong> ou de tout autre bien immobilier ne donne plus droit \u00e0 la r\u00e9sidence.<\/p><\/li><li data-start=\"1754\" data-end=\"1869\"><p data-start=\"1756\" data-end=\"1869\">Les acheteurs non ressortissants de l&#8217;UE doivent se tourner vers d&#8217;autres types de visas (visa nomade num\u00e9rique, visa non lucratif, visa entrepreneur, etc.).<\/p><\/li><li data-start=\"1870\" data-end=\"1961\"><p data-start=\"1872\" data-end=\"1961\">Les investisseurs fortun\u00e9s doivent dissocier la planification de leur r\u00e9sidence de l&#8217;acquisition immobili\u00e8re.<\/p><\/li><\/ul><p data-start=\"1963\" data-end=\"2048\">Si la r\u00e9sidence \u00e9tait l&#8217;une de vos motivations d&#8217;achat, la strat\u00e9gie doit \u00eatre r\u00e9\u00e9valu\u00e9e.<\/p>\t\t\t\t\t\t\t\t<\/div>\n\t\t\t\t<\/div>\n\t\t\t\t<div class=\"elementor-element elementor-element-3cd6664 elementor-widget elementor-widget-houzez_elementor_space\" data-id=\"3cd6664\" data-element_type=\"widget\" data-e-type=\"widget\" data-widget_type=\"houzez_elementor_space.default\">\n\t\t\t\t<div class=\"elementor-widget-container\">\n\t\t\t\t\t        <div class=\"houzez-spacer\">\n            <div class=\"houzez-spacer-inner\"><\/div>\n        <\/div>\n        \t\t\t\t<\/div>\n\t\t\t\t<\/div>\n\t\t\t\t<div class=\"elementor-element elementor-element-bcdbc96 elementor-widget elementor-widget-heading\" data-id=\"bcdbc96\" data-element_type=\"widget\" data-e-type=\"widget\" data-widget_type=\"heading.default\">\n\t\t\t\t<div class=\"elementor-widget-container\">\n\t\t\t\t\t<h3 class=\"elementor-heading-title elementor-size-default\">2. Proposition d'une taxe nationale pour les acheteurs non europ\u00e9ens sur les logements anciens<\/h3>\t\t\t\t<\/div>\n\t\t\t\t<\/div>\n\t\t\t\t<div class=\"elementor-element elementor-element-72c93fc elementor-widget elementor-widget-text-editor\" data-id=\"72c93fc\" data-element_type=\"widget\" data-e-type=\"widget\" data-widget_type=\"text-editor.default\">\n\t\t\t\t<div class=\"elementor-widget-container\">\n\t\t\t\t\t\t\t\t\t<p> <\/p><p data-start=\"2115\" data-end=\"2276\">Un projet de loi pr\u00e9sent\u00e9 en 2025 propose une <strong data-start=\"2158\" data-end=\"2196\">nouvelle taxe nationale pour les acheteurs non europ\u00e9ens<\/strong>, pouvant atteindre jusqu&#8217;\u00e0 <strong data-start=\"2216\" data-end=\"2248\">100 % de la valeur du bien immobilier<\/strong> pour les <strong data-start=\"2252\" data-end=\"2273\">biens en revente<\/strong>. Cela a des implications consid\u00e9rables pour : <\/p><ul data-start=\"2315\" data-end=\"2499\"><li data-start=\"2315\" data-end=\"2377\"><p data-start=\"2317\" data-end=\"2377\">Investisseurs non europ\u00e9ens \u00e0 la recherche de villas \u00e0 vendre \u00e0 Marbella<\/p><\/li><li data-start=\"2378\" data-end=\"2426\"><p data-start=\"2380\" data-end=\"2426\">Acheteurs du Royaume-Uni, des \u00c9tats-Unis, du Moyen-Orient ou d&#8217;Asie<\/p><\/li><li data-start=\"2427\" data-end=\"2499\"><p data-start=\"2429\" data-end=\"2499\">Ceux qui planifient des strat\u00e9gies d&#8217;investissement dans <a href=\"https:\/\/besthousemarbella.com\/blog\/cheap-houses-for-sale-in-marbella-2025\/\"><strong>des villas de luxe \u00e0 Marbella pour 2026<\/strong><\/a><\/p><\/li><\/ul><p data-start=\"2501\" data-end=\"2609\">M\u00eame si la loi n&#8217;est pas encore promulgu\u00e9e, elle influence d\u00e9j\u00e0 la planification des investissements et le calendrier des n\u00e9gociations.<\/p>\t\t\t\t\t\t\t\t<\/div>\n\t\t\t\t<\/div>\n\t\t\t\t<div class=\"elementor-element elementor-element-06a8421 elementor-widget elementor-widget-houzez_elementor_space\" data-id=\"06a8421\" data-element_type=\"widget\" data-e-type=\"widget\" data-widget_type=\"houzez_elementor_space.default\">\n\t\t\t\t<div class=\"elementor-widget-container\">\n\t\t\t\t\t        <div class=\"houzez-spacer\">\n            <div class=\"houzez-spacer-inner\"><\/div>\n        <\/div>\n        \t\t\t\t<\/div>\n\t\t\t\t<\/div>\n\t\t\t\t<div class=\"elementor-element elementor-element-7bc26e4 elementor-widget elementor-widget-heading\" data-id=\"7bc26e4\" data-element_type=\"widget\" data-e-type=\"widget\" data-widget_type=\"heading.default\">\n\t\t\t\t<div class=\"elementor-widget-container\">\n\t\t\t\t\t<h3 class=\"elementor-heading-title elementor-size-default\">3. Mise \u00e0 jour des imp\u00f4ts fonciers pour les non-r\u00e9sidents (Espagne, 2026)<\/h3>\t\t\t\t<\/div>\n\t\t\t\t<\/div>\n\t\t\t\t\t<\/div>\n\t\t\t\t<\/div>\n\t\t<div class=\"elementor-element elementor-element-1c24c27 e-flex e-con-boxed e-con e-parent\" data-id=\"1c24c27\" data-element_type=\"container\" data-e-type=\"container\">\n\t\t\t\t\t<div class=\"e-con-inner\">\n\t\t\t\t<div class=\"elementor-element elementor-element-75e3df1 elementor-widget elementor-widget-text-editor\" data-id=\"75e3df1\" data-element_type=\"widget\" data-e-type=\"widget\" data-widget_type=\"text-editor.default\">\n\t\t\t\t<div class=\"elementor-widget-container\">\n\t\t\t\t\t\t\t\t\t<p> <\/p><p data-start=\"2670\" data-end=\"2819\">Si vous ne r\u00e9sidez pas \u00e0 temps plein en Espagne, l&#8217;imp\u00f4t foncier pour les non-r\u00e9sidents en Espagne en 2026 suit les r\u00e8gles mises \u00e0 jour li\u00e9es \u00e0 la date de r\u00e9vision de la valeur cadastrale.<\/p><ul data-start=\"2821\" data-end=\"2990\"><li data-start=\"2821\" data-end=\"2906\"><p data-start=\"2823\" data-end=\"2906\">Les propri\u00e9t\u00e9s ayant fait l&#8217;objet d&#8217;une mise \u00e0 jour cadastrale au cours des dix derni\u00e8res ann\u00e9es sont impos\u00e9es sur une base inf\u00e9rieure.<\/p><\/li><li data-start=\"2907\" data-end=\"2990\"><p data-start=\"2909\" data-end=\"2990\">Les \u00e9valuations plus anciennes augmentent l&#8217;assiette fiscale (2 %), ce qui a une incidence sur les co\u00fbts de d\u00e9tention \u00e0 long terme.<\/p><\/li><\/ul><p data-start=\"2992\" data-end=\"3062\">Pour de nombreuses maisons haut de gamme, cette diff\u00e9rence fiscale est significative au fil du temps.<\/p>\t\t\t\t\t\t\t\t<\/div>\n\t\t\t\t<\/div>\n\t\t\t\t<div class=\"elementor-element elementor-element-d67d1e0 elementor-widget elementor-widget-houzez_elementor_space\" data-id=\"d67d1e0\" data-element_type=\"widget\" data-e-type=\"widget\" data-widget_type=\"houzez_elementor_space.default\">\n\t\t\t\t<div class=\"elementor-widget-container\">\n\t\t\t\t\t        <div class=\"houzez-spacer\">\n            <div class=\"houzez-spacer-inner\"><\/div>\n        <\/div>\n        \t\t\t\t<\/div>\n\t\t\t\t<\/div>\n\t\t\t\t<div class=\"elementor-element elementor-element-dac646c elementor-widget elementor-widget-heading\" data-id=\"dac646c\" data-element_type=\"widget\" data-e-type=\"widget\" data-widget_type=\"heading.default\">\n\t\t\t\t<div class=\"elementor-widget-container\">\n\t\t\t\t\t<h3 class=\"elementor-heading-title elementor-size-default\">4. Nouveau registre national des locations \u00e0 court terme<\/h3>\t\t\t\t<\/div>\n\t\t\t\t<\/div>\n\t\t\t\t<div class=\"elementor-element elementor-element-fe2fe1d elementor-widget elementor-widget-text-editor\" data-id=\"fe2fe1d\" data-element_type=\"widget\" data-e-type=\"widget\" data-widget_type=\"text-editor.default\">\n\t\t\t\t<div class=\"elementor-widget-container\">\n\t\t\t\t\t\t\t\t\t<p> <\/p><p data-start=\"3125\" data-end=\"3228\">\u00c0 compter de juillet 2025, toutes les locations \u00e0 court terme devront \u00eatre enregistr\u00e9es aupr\u00e8s du <strong data-start=\"3191\" data-end=\"3225\">NRA (Registre national des locations)<\/strong>. Si vous envisagez d&#8217;acheter un bien immobilier \u00e0 Marbella pour le louer sur Airbnb ou Booking : <\/p><ul data-start=\"3306\" data-end=\"3429\"><li data-start=\"3306\" data-end=\"3335\"><p data-start=\"3308\" data-end=\"3335\">L&#8217;inscription est obligatoire.<\/p><\/li><li data-start=\"3336\" data-end=\"3379\"><p data-start=\"3338\" data-end=\"3379\">Les exigences en mati\u00e8re de documentation sont plus strictes.<\/p><\/li><li data-start=\"3380\" data-end=\"3429\"><p data-start=\"3382\" data-end=\"3429\">On s&#8217;attend \u00e0 un renforcement des mesures municipales<\/p><\/li><\/ul><p data-start=\"3431\" data-end=\"3500\">Pour les acheteurs investisseurs, cela modifie le calcul du retour sur investissement attendu.<\/p>\t\t\t\t\t\t\t\t<\/div>\n\t\t\t\t<\/div>\n\t\t\t\t\t<\/div>\n\t\t\t\t<\/div>\n\t\t<div class=\"elementor-element elementor-element-f3e1588 e-flex e-con-boxed e-con e-parent\" data-id=\"f3e1588\" data-element_type=\"container\" data-e-type=\"container\">\n\t\t\t\t\t<div class=\"e-con-inner\">\n\t\t\t\t<div class=\"elementor-element elementor-element-6e523e9 elementor-widget elementor-widget-houzez_elementor_space\" data-id=\"6e523e9\" data-element_type=\"widget\" data-e-type=\"widget\" data-widget_type=\"houzez_elementor_space.default\">\n\t\t\t\t<div class=\"elementor-widget-container\">\n\t\t\t\t\t        <div class=\"houzez-spacer\">\n            <div class=\"houzez-spacer-inner\"><\/div>\n        <\/div>\n        \t\t\t\t<\/div>\n\t\t\t\t<\/div>\n\t\t\t\t<div class=\"elementor-element elementor-element-2cd0153 elementor-widget elementor-widget-heading\" data-id=\"2cd0153\" data-element_type=\"widget\" data-e-type=\"widget\" data-widget_type=\"heading.default\">\n\t\t\t\t<div class=\"elementor-widget-container\">\n\t\t\t\t\t<h2 class=\"elementor-heading-title elementor-size-default\">Comment ces changements affectent les diff\u00e9rents types d'acheteurs<\/h2>\t\t\t\t<\/div>\n\t\t\t\t<\/div>\n\t\t\t\t<div class=\"elementor-element elementor-element-45bfe91 elementor-widget elementor-widget-houzez_elementor_space\" data-id=\"45bfe91\" data-element_type=\"widget\" data-e-type=\"widget\" data-widget_type=\"houzez_elementor_space.default\">\n\t\t\t\t<div class=\"elementor-widget-container\">\n\t\t\t\t\t        <div class=\"houzez-spacer\">\n            <div class=\"houzez-spacer-inner\"><\/div>\n        <\/div>\n        \t\t\t\t<\/div>\n\t\t\t\t<\/div>\n\t\t\t\t<div class=\"elementor-element elementor-element-4083e4c elementor-widget elementor-widget-heading\" data-id=\"4083e4c\" data-element_type=\"widget\" data-e-type=\"widget\" data-widget_type=\"heading.default\">\n\t\t\t\t<div class=\"elementor-widget-container\">\n\t\t\t\t\t<h3 class=\"elementor-heading-title elementor-size-default\">Acheteurs hors UE (\u00c9tats-Unis, Royaume-Uni, Moyen-Orient, Asie)<\/h3>\t\t\t\t<\/div>\n\t\t\t\t<\/div>\n\t\t\t\t\t<\/div>\n\t\t\t\t<\/div>\n\t\t<div class=\"elementor-element elementor-element-2493794 e-flex e-con-boxed e-con e-parent\" data-id=\"2493794\" data-element_type=\"container\" data-e-type=\"container\">\n\t\t\t\t\t<div class=\"e-con-inner\">\n\t\t\t\t<div class=\"elementor-element elementor-element-ed8ddc9 elementor-widget elementor-widget-text-editor\" data-id=\"ed8ddc9\" data-element_type=\"widget\" data-e-type=\"widget\" data-widget_type=\"text-editor.default\">\n\t\t\t\t<div class=\"elementor-widget-container\">\n\t\t\t\t\t\t\t\t\t<p> <\/p><ul><li data-start=\"3618\" data-end=\"3776\"><p data-start=\"3620\" data-end=\"3776\">La question \u00ab <em data-start=\"3633\" data-end=\"3687\">Les citoyens non europ\u00e9ens peuvent-ils acheter un bien immobilier en Espagne en 2026 <\/em>? \u00bb \u2014 Oui, vous pouvez toujours acheter, mais les taxes, les proc\u00e9dures d&#8217;obtention de visa et les r\u00e8gles de conformit\u00e9 ont chang\u00e9.<\/p><\/li><li data-start=\"3777\" data-end=\"3846\"><p data-start=\"3779\" data-end=\"3846\">Les propri\u00e9t\u00e9s en revente comportent un risque plus \u00e9lev\u00e9 en raison de la taxe propos\u00e9e de 100 %.<\/p><\/li><li data-start=\"3847\" data-end=\"3895\"><p data-start=\"3849\" data-end=\"3895\">La r\u00e9sidence n\u00e9cessite une strat\u00e9gie distincte en mati\u00e8re de visas.<\/p><\/li><li data-start=\"3896\" data-end=\"3956\"><p data-start=\"3898\" data-end=\"3956\">Les revenus locatifs sont davantage r\u00e9glement\u00e9s et n\u00e9cessitent davantage de formalit\u00e9s administratives.<\/p><\/li><\/ul>\t\t\t\t\t\t\t\t<\/div>\n\t\t\t\t<\/div>\n\t\t\t\t<div class=\"elementor-element elementor-element-afba67c elementor-widget elementor-widget-houzez_elementor_space\" data-id=\"afba67c\" data-element_type=\"widget\" data-e-type=\"widget\" data-widget_type=\"houzez_elementor_space.default\">\n\t\t\t\t<div class=\"elementor-widget-container\">\n\t\t\t\t\t        <div class=\"houzez-spacer\">\n            <div class=\"houzez-spacer-inner\"><\/div>\n        <\/div>\n        \t\t\t\t<\/div>\n\t\t\t\t<\/div>\n\t\t\t\t<div class=\"elementor-element elementor-element-6c5714a elementor-widget elementor-widget-heading\" data-id=\"6c5714a\" data-element_type=\"widget\" data-e-type=\"widget\" data-widget_type=\"heading.default\">\n\t\t\t\t<div class=\"elementor-widget-container\">\n\t\t\t\t\t<h3 class=\"elementor-heading-title elementor-size-default\">Acheteurs de l'UE \/ EEE<\/h3>\t\t\t\t<\/div>\n\t\t\t\t<\/div>\n\t\t\t\t<div class=\"elementor-element elementor-element-862be6b elementor-widget elementor-widget-text-editor\" data-id=\"862be6b\" data-element_type=\"widget\" data-e-type=\"widget\" data-widget_type=\"text-editor.default\">\n\t\t\t\t<div class=\"elementor-widget-container\">\n\t\t\t\t\t\t\t\t\t<p> <\/p><p data-start=\"3984\" data-end=\"4034\">Les citoyens de l&#8217;UE continuent de b\u00e9n\u00e9ficier de la libert\u00e9 de circulation, donc :<\/p><ul data-start=\"4035\" data-end=\"4217\"><li data-start=\"4035\" data-end=\"4070\"><p data-start=\"4037\" data-end=\"4070\">Les r\u00e8gles en mati\u00e8re de visas ne constituent pas un obstacle.<\/p><\/li><li data-start=\"4071\" data-end=\"4146\"><p data-start=\"4073\" data-end=\"4146\">La planification fiscale reste essentielle (en particulier pour les propri\u00e9taires non r\u00e9sidents).<\/p><\/li><li data-start=\"4147\" data-end=\"4217\"><p data-start=\"4149\" data-end=\"4217\">Les maisons neuves offrent souvent le meilleur rapport qualit\u00e9-prix en raison de la pr\u00e9visibilit\u00e9 des taxes.<\/p><\/li><\/ul>\t\t\t\t\t\t\t\t<\/div>\n\t\t\t\t<\/div>\n\t\t\t\t<div class=\"elementor-element elementor-element-fc68610 elementor-widget elementor-widget-houzez_elementor_space\" data-id=\"fc68610\" data-element_type=\"widget\" data-e-type=\"widget\" data-widget_type=\"houzez_elementor_space.default\">\n\t\t\t\t<div class=\"elementor-widget-container\">\n\t\t\t\t\t        <div class=\"houzez-spacer\">\n            <div class=\"houzez-spacer-inner\"><\/div>\n        <\/div>\n        \t\t\t\t<\/div>\n\t\t\t\t<\/div>\n\t\t\t\t<div class=\"elementor-element elementor-element-cebbc7a elementor-widget elementor-widget-heading\" data-id=\"cebbc7a\" data-element_type=\"widget\" data-e-type=\"widget\" data-widget_type=\"heading.default\">\n\t\t\t\t<div class=\"elementor-widget-container\">\n\t\t\t\t\t<h3 class=\"elementor-heading-title elementor-size-default\">Investisseurs ax\u00e9s sur le retour sur investissement<\/h3>\t\t\t\t<\/div>\n\t\t\t\t<\/div>\n\t\t\t\t<div class=\"elementor-element elementor-element-03ff795 elementor-widget elementor-widget-text-editor\" data-id=\"03ff795\" data-element_type=\"widget\" data-e-type=\"widget\" data-widget_type=\"text-editor.default\">\n\t\t\t\t<div class=\"elementor-widget-container\">\n\t\t\t\t\t\t\t\t\t<p> <\/p><p data-start=\"4254\" data-end=\"4363\">Si votre objectif est de r\u00e9aliser un investissement immobilier rentable \u00e0 Marbella en 2026, l&#8217;environnement est favorable :<\/p><ul data-start=\"4364\" data-end=\"4523\"><li data-start=\"4364\" data-end=\"4390\"><p data-start=\"4366\" data-end=\"4390\">Nouveaux projets immobiliers<\/p><\/li><li data-start=\"4391\" data-end=\"4422\"><p data-start=\"4393\" data-end=\"4422\">Propri\u00e9t\u00e9s \u00e9co\u00e9nerg\u00e9tiques<\/p><\/li><li data-start=\"4423\" data-end=\"4466\"><p data-start=\"4425\" data-end=\"4466\">Logements conformes \u00e0 la r\u00e9glementation en mati\u00e8re de location<\/p><\/li><li data-start=\"4467\" data-end=\"4523\"><p data-start=\"4469\" data-end=\"4523\">N\u00e9gociations pr\u00e9liminaires avant que les nouvelles lois ne soient d\u00e9finitivement adopt\u00e9es<\/p><\/li><\/ul>\t\t\t\t\t\t\t\t<\/div>\n\t\t\t\t<\/div>\n\t\t\t\t\t<\/div>\n\t\t\t\t<\/div>\n\t\t<div class=\"elementor-element elementor-element-9cb95cc e-flex e-con-boxed e-con e-parent\" data-id=\"9cb95cc\" data-element_type=\"container\" data-e-type=\"container\">\n\t\t\t\t\t<div class=\"e-con-inner\">\n\t\t\t\t<div class=\"elementor-element elementor-element-ce20d08 elementor-widget elementor-widget-houzez_elementor_space\" data-id=\"ce20d08\" data-element_type=\"widget\" data-e-type=\"widget\" data-widget_type=\"houzez_elementor_space.default\">\n\t\t\t\t<div class=\"elementor-widget-container\">\n\t\t\t\t\t        <div class=\"houzez-spacer\">\n            <div class=\"houzez-spacer-inner\"><\/div>\n        <\/div>\n        \t\t\t\t<\/div>\n\t\t\t\t<\/div>\n\t\t\t\t<div class=\"elementor-element elementor-element-71e5bd5 elementor-widget elementor-widget-heading\" data-id=\"71e5bd5\" data-element_type=\"widget\" data-e-type=\"widget\" data-widget_type=\"heading.default\">\n\t\t\t\t<div class=\"elementor-widget-container\">\n\t\t\t\t\t<h2 class=\"elementor-heading-title elementor-size-default\">Annonces immobili\u00e8res actuellement en vente \u00e0 Marbella<\/h2>\t\t\t\t<\/div>\n\t\t\t\t<\/div>\n\t\t\t\t<div class=\"elementor-element elementor-element-3d49f0b elementor-widget-tablet__width-inherit elementor-widget elementor-widget-houzez_elementor_property-card-v1\" data-id=\"3d49f0b\" data-element_type=\"widget\" data-e-type=\"widget\" data-widget_type=\"houzez_elementor_property-card-v1.default\">\n\t\t\t\t<div class=\"elementor-widget-container\">\n\t\t\t\t\t    <div id=\"properties_module_section\" class=\"property-cards-module property-cards-module-v1 property-cards-module-col-3\">\n        <div id=\"module_properties\" class=\"listing-view grid-view row row-cols-1 row-cols-md-2 row-cols-lg-3 gy-4 gx-4\">\n            <div class=\"item-listing-wrap item-wrap-v1 hz-item-gallery-js hz-map-trigger\" data-hz-id=\"40075\" data-images=\"[{&quot;image&quot;:&quot;https:\\\/\\\/besthousemarbella.com\\\/wp-content\\\/uploads\\\/2026\\\/04\\\/Oia-38-584x438.jpg&quot;,&quot;alt&quot;:&quot;&quot;,&quot;width&quot;:584,&quot;height&quot;:438,&quot;srcset&quot;:false,&quot;sizes&quot;:&quot;(max-width: 584px) 100vw, 584px&quot;},{&quot;image&quot;:&quot;https:\\\/\\\/besthousemarbella.com\\\/wp-content\\\/uploads\\\/2026\\\/04\\\/Oia-38-584x438.jpg&quot;,&quot;alt&quot;:&quot;&quot;,&quot;width&quot;:584,&quot;height&quot;:438,&quot;srcset&quot;:false,&quot;sizes&quot;:&quot;(max-width: 584px) 100vw, 584px&quot;},{&quot;image&quot;:&quot;https:\\\/\\\/besthousemarbella.com\\\/wp-content\\\/uploads\\\/2026\\\/04\\\/Oia-52-584x438.jpg&quot;,&quot;alt&quot;:&quot;&quot;,&quot;width&quot;:584,&quot;height&quot;:438,&quot;srcset&quot;:false,&quot;sizes&quot;:&quot;(max-width: 584px) 100vw, 584px&quot;},{&quot;image&quot;:&quot;https:\\\/\\\/besthousemarbella.com\\\/wp-content\\\/uploads\\\/2026\\\/04\\\/Oia-31-584x438.jpg&quot;,&quot;alt&quot;:&quot;&quot;,&quot;width&quot;:584,&quot;height&quot;:438,&quot;srcset&quot;:false,&quot;sizes&quot;:&quot;(max-width: 584px) 100vw, 584px&quot;},{&quot;image&quot;:&quot;https:\\\/\\\/besthousemarbella.com\\\/wp-content\\\/uploads\\\/2026\\\/04\\\/Oia-30-584x438.jpg&quot;,&quot;alt&quot;:&quot;&quot;,&quot;width&quot;:584,&quot;height&quot;:438,&quot;srcset&quot;:false,&quot;sizes&quot;:&quot;(max-width: 584px) 100vw, 584px&quot;},{&quot;image&quot;:&quot;https:\\\/\\\/besthousemarbella.com\\\/wp-content\\\/uploads\\\/2026\\\/04\\\/Oia-22-584x438.jpg&quot;,&quot;alt&quot;:&quot;&quot;,&quot;width&quot;:584,&quot;height&quot;:438,&quot;srcset&quot;:false,&quot;sizes&quot;:&quot;(max-width: 584px) 100vw, 584px&quot;},{&quot;image&quot;:&quot;https:\\\/\\\/besthousemarbella.com\\\/wp-content\\\/uploads\\\/2026\\\/04\\\/Oia-23-584x438.jpg&quot;,&quot;alt&quot;:&quot;&quot;,&quot;width&quot;:584,&quot;height&quot;:438,&quot;srcset&quot;:false,&quot;sizes&quot;:&quot;(max-width: 584px) 100vw, 584px&quot;},{&quot;image&quot;:&quot;https:\\\/\\\/besthousemarbella.com\\\/wp-content\\\/uploads\\\/2026\\\/04\\\/Oia-57-584x438.jpg&quot;,&quot;alt&quot;:&quot;&quot;,&quot;width&quot;:584,&quot;height&quot;:438,&quot;srcset&quot;:false,&quot;sizes&quot;:&quot;(max-width: 584px) 100vw, 584px&quot;},{&quot;image&quot;:&quot;https:\\\/\\\/besthousemarbella.com\\\/wp-content\\\/uploads\\\/2026\\\/04\\\/Oia-26-584x438.jpg&quot;,&quot;alt&quot;:&quot;&quot;,&quot;width&quot;:584,&quot;height&quot;:438,&quot;srcset&quot;:false,&quot;sizes&quot;:&quot;(max-width: 584px) 100vw, 584px&quot;},{&quot;image&quot;:&quot;https:\\\/\\\/besthousemarbella.com\\\/wp-content\\\/uploads\\\/2026\\\/04\\\/Oia-24-584x438.jpg&quot;,&quot;alt&quot;:&quot;&quot;,&quot;width&quot;:584,&quot;height&quot;:438,&quot;srcset&quot;:false,&quot;sizes&quot;:&quot;(max-width: 584px) 100vw, 584px&quot;}]\">\n\t<div class=\"item-wrap item-wrap-no-frame h-100\">\n\t\t<div class=\"d-flex flex-column align-items-center h-100\">\n\t\t\t<div class=\"item-header\">\n\t\t\t\t\t\t\t\t<div class=\"labels-wrap d-flex align-items-center gap-1\" role=\"group\"> \n\n\t<a href=\"https:\/\/besthousemarbella.com\/fr\/status\/a-vendre\/\" class=\"label-status label status-color-364\">\n\t\t\t\t\tA vendre\n\t\t\t\t<\/a>       \n\n<\/div>\n\t\t\t\t<ul class=\"item-price-wrap d-flex flex-column gap-2\" role=\"list\">\n\t<li class=\"item-price\"><span class=\"price\">2.995.000\u20ac<\/span><span class=\"price-postfix\"><\/span><\/li><\/ul>\t\t\t\t<ul class=\"item-tools d-flex align-items-center justify-content-center gap-1\">\n        <li class=\"item-tool item-preview\">\n        <span class=\"hz-show-lightbox-js item-tool-preview text-center\" data-listid=\"40075\">\n            <span data-bs-toggle=\"tooltip\" data-bs-placement=\"top\" title=\"Preview\">\n                <i class=\"houzez-icon icon-expand-3\"><\/i>   \n            <\/span>\n        <\/span><!-- item-tool-favorite -->\n    <\/li><!-- item-tool -->\n        \n        <li class=\"item-tool item-favorite\">\n        <span class=\"add-favorite-js item-tool-favorite text-center\" data-bs-toggle=\"tooltip\" data-bs-placement=\"top\" title=\"Favourite\" data-listid=\"40075\">\n            <i class=\"houzez-icon icon-love-it \"><\/i>\n        <\/span><!-- item-tool-favorite -->\n    <\/li><!-- item-tool -->\n    \n        <li class=\"item-tool item-compare\">\n        <span class=\"houzez_compare compare-40075 item-tool-compare text-center\" data-bs-toggle=\"tooltip\" data-bs-placement=\"top\" title=\"Add to Compare\" data-listing_id=\"40075\" data-listing_image=\"https:\/\/besthousemarbella.com\/wp-content\/uploads\/2026\/04\/Oia-38-584x438.jpg\">\n            <i class=\"houzez-icon icon-add-circle\"><\/i>\n            <!-- <i class=\"houzez-icon icon-subtract-circle\"><\/i> -->\n        <\/span><!-- item-tool-compare -->\n    <\/li><!-- item-tool -->\n    <\/ul><!-- item-tools -->\n\t\t\t\t<div class=\"listing-image-wrap\">\n\t<div class=\"listing-thumb\">\n\t\t<a target=\"_self\" href=\"https:\/\/besthousemarbella.com\/fr\/property\/penthouse-renove-avec-vue-panoramique-a-sierra-blanca\/\" class=\"listing-featured-thumb hover-effect image-wrap\" role=\"link\">\n\t\t\t<img fetchpriority=\"high\" decoding=\"async\" width=\"584\" height=\"438\" src=\"https:\/\/besthousemarbella.com\/wp-content\/uploads\/2026\/04\/Oia-38-584x438.jpg\" class=\"img-fluid wp-post-image\" alt=\"Image from \u2013\" title=\"\">\t\t<\/a><!-- hover-effect -->\n\t<\/div>\n<\/div>\t\t\t\t<div class=\"preview_loader\"><\/div>\n\t\t\t<\/div>\n\t\t\t<div class=\"item-body w-100 flex-grow-1\">\n\t\t\t\t<h2 class=\"item-title mb-2 \">\n\t<a target=\"_self\" href=\"https:\/\/besthousemarbella.com\/fr\/property\/penthouse-renove-avec-vue-panoramique-a-sierra-blanca\/\" role=\"link\">Penthouse r\u00e9nov\u00e9 avec vue panoramique \u00e0 Sierra Blanca<\/a>\n<\/h2><!-- item-title -->\t\t\t\t<address class=\"item-address mb-2\"><i class=\"houzez-icon icon-pin me-1\" aria-hidden=\"true\"><\/i><span>Jardines Colgantes, Sierra Blanca<\/span><\/address>\t\t\t\t\t\t\t\t<ul class=\"item-amenities d-flex flex-wrap align-items-center gap-2 mb-2 item-amenities-with-icons\" role=\"list\">\n\t<li class=\"h-beds d-flex align-items-center me-1\"><i class=\"houzez-icon icon-hotel-double-bed-1 me-2\"><\/i><span class=\"item-amenities-text\">Beds:<\/span> <span class=\"hz-figure\">3<\/span><\/li><li class=\"h-baths d-flex align-items-center me-1\"><i class=\"houzez-icon icon-bathroom-shower-1 me-2\"><\/i><span class=\"item-amenities-text\">Baths:<\/span> <span class=\"hz-figure\">4<\/span><\/li><li class=\"h-area d-flex align-items-center me-1\"><i class=\"houzez-icon icon-ruler-triangle me-2\"><\/i><span class=\"hz-figure me-1\">223<\/span> <span class=\"hz-figure area_postfix\">m\u00b2<\/span><\/li><li class=\"h-type d-flex w-100\" role=\"listitem\"><span>Appartement, Penthouse Appartement<\/span><\/li><\/ul>\t\t\t\t<a class=\"btn btn-primary btn-item d-md-none d-xl-flex \" target=\"_self\" href=\"https:\/\/besthousemarbella.com\/fr\/property\/penthouse-renove-avec-vue-panoramique-a-sierra-blanca\/\">\n\tDetails<\/a><!-- btn-item -->\n\t\t\t<\/div>\n\t\t\t\t\t\t<div class=\"item-footer d-flex justify-content-between w-100\">\n\t\t\t\t<div class=\"item-author d-flex align-items-center gap-1\">\n\t<div class=\"item-author-image me-2\" role=\"img\">\n\t\t<img decoding=\"async\" class=\"rounded-circle\" src=\"https:\/\/besthousemarbella.com\/wp-content\/uploads\/2025\/11\/valeria-profile-picture-780x780.webp\" width=\"32\" height=\"32\" alt=\"Image from \u2013\" title=\"\">\n\t<\/div>\n\t<a href=\"https:\/\/besthousemarbella.com\/fr\/blog\/agent\/valeria-velastegui\/\" role=\"link\">Valeria Velastegui<\/a>\n<\/div><!-- item-author -->\n\t\t\t\t<div class=\"item-date d-flex align-items-center gap-1\">\n\t<i class=\"houzez-icon icon-attachment me-1\"><\/i>\n\til y a1 semaine<\/div><!-- item-date -->\n\t\t\t<\/div>\n\t\t\t\t\t<\/div>\n\t<\/div>\n<\/div><div class=\"item-listing-wrap item-wrap-v1 hz-item-gallery-js hz-map-trigger\" data-hz-id=\"39993\" data-images=\"[{&quot;image&quot;:&quot;https:\\\/\\\/besthousemarbella.com\\\/wp-content\\\/uploads\\\/2026\\\/04\\\/Captura-de-pantalla-2026-04-14-a-las-11.45.07-584x438.png&quot;,&quot;alt&quot;:&quot;&quot;,&quot;width&quot;:584,&quot;height&quot;:438,&quot;srcset&quot;:false,&quot;sizes&quot;:&quot;(max-width: 584px) 100vw, 584px&quot;},{&quot;image&quot;:&quot;https:\\\/\\\/besthousemarbella.com\\\/wp-content\\\/uploads\\\/2026\\\/04\\\/Captura-de-pantalla-2026-04-14-a-las-11.45.07-584x438.png&quot;,&quot;alt&quot;:&quot;&quot;,&quot;width&quot;:584,&quot;height&quot;:438,&quot;srcset&quot;:false,&quot;sizes&quot;:&quot;(max-width: 584px) 100vw, 584px&quot;},{&quot;image&quot;:&quot;https:\\\/\\\/besthousemarbella.com\\\/wp-content\\\/uploads\\\/2026\\\/04\\\/Captura-de-pantalla-2026-04-14-a-las-11.42.44-584x438.png&quot;,&quot;alt&quot;:&quot;&quot;,&quot;width&quot;:584,&quot;height&quot;:438,&quot;srcset&quot;:false,&quot;sizes&quot;:&quot;(max-width: 584px) 100vw, 584px&quot;},{&quot;image&quot;:&quot;https:\\\/\\\/besthousemarbella.com\\\/wp-content\\\/uploads\\\/2026\\\/04\\\/Captura-de-pantalla-2026-04-14-a-las-11.43.31-584x438.png&quot;,&quot;alt&quot;:&quot;&quot;,&quot;width&quot;:584,&quot;height&quot;:438,&quot;srcset&quot;:false,&quot;sizes&quot;:&quot;(max-width: 584px) 100vw, 584px&quot;},{&quot;image&quot;:&quot;https:\\\/\\\/besthousemarbella.com\\\/wp-content\\\/uploads\\\/2026\\\/04\\\/Captura-de-pantalla-2026-04-14-a-las-11.42.52-584x438.png&quot;,&quot;alt&quot;:&quot;&quot;,&quot;width&quot;:584,&quot;height&quot;:438,&quot;srcset&quot;:false,&quot;sizes&quot;:&quot;(max-width: 584px) 100vw, 584px&quot;},{&quot;image&quot;:&quot;https:\\\/\\\/besthousemarbella.com\\\/wp-content\\\/uploads\\\/2026\\\/04\\\/Captura-de-pantalla-2026-04-14-a-las-11.43.00-584x438.png&quot;,&quot;alt&quot;:&quot;&quot;,&quot;width&quot;:584,&quot;height&quot;:438,&quot;srcset&quot;:false,&quot;sizes&quot;:&quot;(max-width: 584px) 100vw, 584px&quot;},{&quot;image&quot;:&quot;https:\\\/\\\/besthousemarbella.com\\\/wp-content\\\/uploads\\\/2026\\\/04\\\/Captura-de-pantalla-2026-04-14-a-las-11.43.08-584x438.png&quot;,&quot;alt&quot;:&quot;&quot;,&quot;width&quot;:584,&quot;height&quot;:438,&quot;srcset&quot;:false,&quot;sizes&quot;:&quot;(max-width: 584px) 100vw, 584px&quot;},{&quot;image&quot;:&quot;https:\\\/\\\/besthousemarbella.com\\\/wp-content\\\/uploads\\\/2026\\\/04\\\/Captura-de-pantalla-2026-04-14-a-las-11.43.16-584x438.png&quot;,&quot;alt&quot;:&quot;&quot;,&quot;width&quot;:584,&quot;height&quot;:438,&quot;srcset&quot;:false,&quot;sizes&quot;:&quot;(max-width: 584px) 100vw, 584px&quot;},{&quot;image&quot;:&quot;https:\\\/\\\/besthousemarbella.com\\\/wp-content\\\/uploads\\\/2026\\\/04\\\/Captura-de-pantalla-2026-04-14-a-las-11.43.39-584x438.png&quot;,&quot;alt&quot;:&quot;&quot;,&quot;width&quot;:584,&quot;height&quot;:438,&quot;srcset&quot;:false,&quot;sizes&quot;:&quot;(max-width: 584px) 100vw, 584px&quot;},{&quot;image&quot;:&quot;https:\\\/\\\/besthousemarbella.com\\\/wp-content\\\/uploads\\\/2026\\\/04\\\/Captura-de-pantalla-2026-04-14-a-las-11.43.51-584x438.png&quot;,&quot;alt&quot;:&quot;&quot;,&quot;width&quot;:584,&quot;height&quot;:438,&quot;srcset&quot;:false,&quot;sizes&quot;:&quot;(max-width: 584px) 100vw, 584px&quot;}]\">\n\t<div class=\"item-wrap item-wrap-no-frame h-100\">\n\t\t<div class=\"d-flex flex-column align-items-center h-100\">\n\t\t\t<div class=\"item-header\">\n\t\t\t\t\t\t\t\t<div class=\"labels-wrap d-flex align-items-center gap-1\" role=\"group\"> \n\n\t<a href=\"https:\/\/besthousemarbella.com\/fr\/status\/a-vendre\/\" class=\"label-status label status-color-364\">\n\t\t\t\t\tA vendre\n\t\t\t\t<\/a>       \n\n<\/div>\n\t\t\t\t<ul class=\"item-price-wrap d-flex flex-column gap-2\" role=\"list\">\n\t<li class=\"item-price\"><span class=\"price\">500.000\u20ac<\/span><span class=\"price-postfix\"><\/span><\/li><\/ul>\t\t\t\t<ul class=\"item-tools d-flex align-items-center justify-content-center gap-1\">\n        <li class=\"item-tool item-preview\">\n        <span class=\"hz-show-lightbox-js item-tool-preview text-center\" data-listid=\"39993\">\n            <span data-bs-toggle=\"tooltip\" data-bs-placement=\"top\" title=\"Preview\">\n                <i class=\"houzez-icon icon-expand-3\"><\/i>   \n            <\/span>\n        <\/span><!-- item-tool-favorite -->\n    <\/li><!-- item-tool -->\n        \n        <li class=\"item-tool item-favorite\">\n        <span class=\"add-favorite-js item-tool-favorite text-center\" data-bs-toggle=\"tooltip\" data-bs-placement=\"top\" title=\"Favourite\" data-listid=\"39993\">\n            <i class=\"houzez-icon icon-love-it \"><\/i>\n        <\/span><!-- item-tool-favorite -->\n    <\/li><!-- item-tool -->\n    \n        <li class=\"item-tool item-compare\">\n        <span class=\"houzez_compare compare-39993 item-tool-compare text-center\" data-bs-toggle=\"tooltip\" data-bs-placement=\"top\" title=\"Add to Compare\" data-listing_id=\"39993\" data-listing_image=\"https:\/\/besthousemarbella.com\/wp-content\/uploads\/2026\/04\/Captura-de-pantalla-2026-04-14-a-las-11.45.07-584x438.png\">\n            <i class=\"houzez-icon icon-add-circle\"><\/i>\n            <!-- <i class=\"houzez-icon icon-subtract-circle\"><\/i> -->\n        <\/span><!-- item-tool-compare -->\n    <\/li><!-- item-tool -->\n    <\/ul><!-- item-tools -->\n\t\t\t\t<div class=\"listing-image-wrap\">\n\t<div class=\"listing-thumb\">\n\t\t<a target=\"_self\" href=\"https:\/\/besthousemarbella.com\/fr\/property\/appartement-lumineux-en-angle-pres-de-puerto-banus\/\" class=\"listing-featured-thumb hover-effect image-wrap\" role=\"link\">\n\t\t\t<img decoding=\"async\" width=\"584\" height=\"438\" src=\"https:\/\/besthousemarbella.com\/wp-content\/uploads\/2026\/04\/Captura-de-pantalla-2026-04-14-a-las-11.45.07-584x438.png\" class=\"img-fluid wp-post-image\" alt=\"Image from \u2013\" title=\"\">\t\t<\/a><!-- hover-effect -->\n\t<\/div>\n<\/div>\t\t\t\t<div class=\"preview_loader\"><\/div>\n\t\t\t<\/div>\n\t\t\t<div class=\"item-body w-100 flex-grow-1\">\n\t\t\t\t<h2 class=\"item-title mb-2 \">\n\t<a target=\"_self\" href=\"https:\/\/besthousemarbella.com\/fr\/property\/appartement-lumineux-en-angle-pres-de-puerto-banus\/\" role=\"link\">Appartement lumineux en angle pr\u00e8s de Puerto Ban\u00fas<\/a>\n<\/h2><!-- item-title -->\t\t\t\t<address class=\"item-address mb-2\"><i class=\"houzez-icon icon-pin me-1\" aria-hidden=\"true\"><\/i><span>La Dama de Noche, Nueva Andaluc\u00eda<\/span><\/address>\t\t\t\t\t\t\t\t<ul class=\"item-amenities d-flex flex-wrap align-items-center gap-2 mb-2 item-amenities-with-icons\" role=\"list\">\n\t<li class=\"h-beds d-flex align-items-center me-1\"><i class=\"houzez-icon icon-hotel-double-bed-1 me-2\"><\/i><span class=\"item-amenities-text\">Beds:<\/span> <span class=\"hz-figure\">2<\/span><\/li><li class=\"h-baths d-flex align-items-center me-1\"><i class=\"houzez-icon icon-bathroom-shower-1 me-2\"><\/i><span class=\"item-amenities-text\">Baths:<\/span> <span class=\"hz-figure\">2<\/span><\/li><li class=\"h-area d-flex align-items-center me-1\"><i class=\"houzez-icon icon-ruler-triangle me-2\"><\/i><span class=\"hz-figure me-1\">84<\/span> <span class=\"hz-figure area_postfix\">m\u00b2<\/span><\/li><li class=\"h-type d-flex w-100\" role=\"listitem\"><span>Appartement<\/span><\/li><\/ul>\t\t\t\t<a class=\"btn btn-primary btn-item d-md-none d-xl-flex \" target=\"_self\" href=\"https:\/\/besthousemarbella.com\/fr\/property\/appartement-lumineux-en-angle-pres-de-puerto-banus\/\">\n\tDetails<\/a><!-- btn-item -->\n\t\t\t<\/div>\n\t\t\t\t\t\t<div class=\"item-footer d-flex justify-content-between w-100\">\n\t\t\t\t<div class=\"item-author d-flex align-items-center gap-1\">\n\t<div class=\"item-author-image me-2\" role=\"img\">\n\t\t<img decoding=\"async\" class=\"rounded-circle\" src=\"https:\/\/besthousemarbella.com\/wp-content\/uploads\/2025\/11\/valeria-profile-picture-780x780.webp\" width=\"32\" height=\"32\" alt=\"Image from \u2013\" title=\"\">\n\t<\/div>\n\t<a href=\"https:\/\/besthousemarbella.com\/fr\/blog\/agent\/valeria-velastegui\/\" role=\"link\">Valeria Velastegui<\/a>\n<\/div><!-- item-author -->\n\t\t\t\t<div class=\"item-date d-flex align-items-center gap-1\">\n\t<i class=\"houzez-icon icon-attachment me-1\"><\/i>\n\til y a2 semaines<\/div><!-- item-date -->\n\t\t\t<\/div>\n\t\t\t\t\t<\/div>\n\t<\/div>\n<\/div><div class=\"item-listing-wrap item-wrap-v1 hz-item-gallery-js hz-map-trigger\" data-hz-id=\"39923\" data-images=\"[{&quot;image&quot;:&quot;https:\\\/\\\/besthousemarbella.com\\\/wp-content\\\/uploads\\\/2026\\\/04\\\/Pisci-Apt-El-Rodeito-Best-House-Marbella-584x438.jpg&quot;,&quot;alt&quot;:&quot;&quot;,&quot;width&quot;:584,&quot;height&quot;:438,&quot;srcset&quot;:false,&quot;sizes&quot;:&quot;(max-width: 584px) 100vw, 584px&quot;},{&quot;image&quot;:&quot;https:\\\/\\\/besthousemarbella.com\\\/wp-content\\\/uploads\\\/2026\\\/04\\\/Pisci-Apt-El-Rodeito-Best-House-Marbella-584x438.jpg&quot;,&quot;alt&quot;:&quot;&quot;,&quot;width&quot;:584,&quot;height&quot;:438,&quot;srcset&quot;:false,&quot;sizes&quot;:&quot;(max-width: 584px) 100vw, 584px&quot;},{&quot;image&quot;:&quot;https:\\\/\\\/besthousemarbella.com\\\/wp-content\\\/uploads\\\/2026\\\/04\\\/salon-2-Apt-El-Rodeito-Best-House-Marbella-584x438.jpg&quot;,&quot;alt&quot;:&quot;&quot;,&quot;width&quot;:584,&quot;height&quot;:438,&quot;srcset&quot;:&quot;https:\\\/\\\/besthousemarbella.com\\\/wp-content\\\/uploads\\\/2026\\\/04\\\/salon-2-Apt-El-Rodeito-Best-House-Marbella-584x438.jpg 584w, https:\\\/\\\/besthousemarbella.com\\\/wp-content\\\/uploads\\\/2026\\\/04\\\/salon-2-Apt-El-Rodeito-Best-House-Marbella-1536x1152.jpg 1536w, https:\\\/\\\/besthousemarbella.com\\\/wp-content\\\/uploads\\\/2026\\\/04\\\/salon-2-Apt-El-Rodeito-Best-House-Marbella-2048x1536.jpg 2048w&quot;,&quot;sizes&quot;:&quot;(max-width: 584px) 100vw, 584px&quot;},{&quot;image&quot;:&quot;https:\\\/\\\/besthousemarbella.com\\\/wp-content\\\/uploads\\\/2026\\\/04\\\/Salon-3-Apt-El-Rodeito-Best-House-Marbella-584x438.jpg&quot;,&quot;alt&quot;:&quot;&quot;,&quot;width&quot;:584,&quot;height&quot;:438,&quot;srcset&quot;:&quot;https:\\\/\\\/besthousemarbella.com\\\/wp-content\\\/uploads\\\/2026\\\/04\\\/Salon-3-Apt-El-Rodeito-Best-House-Marbella-584x438.jpg 584w, https:\\\/\\\/besthousemarbella.com\\\/wp-content\\\/uploads\\\/2026\\\/04\\\/Salon-3-Apt-El-Rodeito-Best-House-Marbella-1536x1152.jpg 1536w, https:\\\/\\\/besthousemarbella.com\\\/wp-content\\\/uploads\\\/2026\\\/04\\\/Salon-3-Apt-El-Rodeito-Best-House-Marbella-2048x1536.jpg 2048w&quot;,&quot;sizes&quot;:&quot;(max-width: 584px) 100vw, 584px&quot;},{&quot;image&quot;:&quot;https:\\\/\\\/besthousemarbella.com\\\/wp-content\\\/uploads\\\/2026\\\/04\\\/Salon-1-Apt-El-Rodeito-Best-House-Marbella-584x438.jpg&quot;,&quot;alt&quot;:&quot;&quot;,&quot;width&quot;:584,&quot;height&quot;:438,&quot;srcset&quot;:&quot;https:\\\/\\\/besthousemarbella.com\\\/wp-content\\\/uploads\\\/2026\\\/04\\\/Salon-1-Apt-El-Rodeito-Best-House-Marbella-584x438.jpg 584w, https:\\\/\\\/besthousemarbella.com\\\/wp-content\\\/uploads\\\/2026\\\/04\\\/Salon-1-Apt-El-Rodeito-Best-House-Marbella-1536x1152.jpg 1536w, https:\\\/\\\/besthousemarbella.com\\\/wp-content\\\/uploads\\\/2026\\\/04\\\/Salon-1-Apt-El-Rodeito-Best-House-Marbella-2048x1536.jpg 2048w&quot;,&quot;sizes&quot;:&quot;(max-width: 584px) 100vw, 584px&quot;},{&quot;image&quot;:&quot;https:\\\/\\\/besthousemarbella.com\\\/wp-content\\\/uploads\\\/2026\\\/04\\\/Cocina-AP-El-Rodeito-Best-House-Marbella-584x438.jpg&quot;,&quot;alt&quot;:&quot;&quot;,&quot;width&quot;:584,&quot;height&quot;:438,&quot;srcset&quot;:&quot;https:\\\/\\\/besthousemarbella.com\\\/wp-content\\\/uploads\\\/2026\\\/04\\\/Cocina-AP-El-Rodeito-Best-House-Marbella-584x438.jpg 584w, https:\\\/\\\/besthousemarbella.com\\\/wp-content\\\/uploads\\\/2026\\\/04\\\/Cocina-AP-El-Rodeito-Best-House-Marbella-1536x1152.jpg 1536w, https:\\\/\\\/besthousemarbella.com\\\/wp-content\\\/uploads\\\/2026\\\/04\\\/Cocina-AP-El-Rodeito-Best-House-Marbella-2048x1536.jpg 2048w&quot;,&quot;sizes&quot;:&quot;(max-width: 584px) 100vw, 584px&quot;},{&quot;image&quot;:&quot;https:\\\/\\\/besthousemarbella.com\\\/wp-content\\\/uploads\\\/2026\\\/04\\\/Cocina-2-Apt-El-rodeito-Best-House-Marbella-584x438.jpg&quot;,&quot;alt&quot;:&quot;&quot;,&quot;width&quot;:584,&quot;height&quot;:438,&quot;srcset&quot;:&quot;https:\\\/\\\/besthousemarbella.com\\\/wp-content\\\/uploads\\\/2026\\\/04\\\/Cocina-2-Apt-El-rodeito-Best-House-Marbella-584x438.jpg 584w, https:\\\/\\\/besthousemarbella.com\\\/wp-content\\\/uploads\\\/2026\\\/04\\\/Cocina-2-Apt-El-rodeito-Best-House-Marbella-1536x1152.jpg 1536w, https:\\\/\\\/besthousemarbella.com\\\/wp-content\\\/uploads\\\/2026\\\/04\\\/Cocina-2-Apt-El-rodeito-Best-House-Marbella-2048x1536.jpg 2048w&quot;,&quot;sizes&quot;:&quot;(max-width: 584px) 100vw, 584px&quot;},{&quot;image&quot;:&quot;https:\\\/\\\/besthousemarbella.com\\\/wp-content\\\/uploads\\\/2026\\\/04\\\/Hab-3-Apt-El-Rodeito-Best-House-Marbella-584x438.jpg&quot;,&quot;alt&quot;:&quot;&quot;,&quot;width&quot;:584,&quot;height&quot;:438,&quot;srcset&quot;:&quot;https:\\\/\\\/besthousemarbella.com\\\/wp-content\\\/uploads\\\/2026\\\/04\\\/Hab-3-Apt-El-Rodeito-Best-House-Marbella-584x438.jpg 584w, https:\\\/\\\/besthousemarbella.com\\\/wp-content\\\/uploads\\\/2026\\\/04\\\/Hab-3-Apt-El-Rodeito-Best-House-Marbella-1536x1152.jpg 1536w, https:\\\/\\\/besthousemarbella.com\\\/wp-content\\\/uploads\\\/2026\\\/04\\\/Hab-3-Apt-El-Rodeito-Best-House-Marbella-2048x1536.jpg 2048w&quot;,&quot;sizes&quot;:&quot;(max-width: 584px) 100vw, 584px&quot;},{&quot;image&quot;:&quot;https:\\\/\\\/besthousemarbella.com\\\/wp-content\\\/uploads\\\/2026\\\/04\\\/Hab-2-Apt-el-Rodeito-Best-House-Marbella-584x438.jpg&quot;,&quot;alt&quot;:&quot;&quot;,&quot;width&quot;:584,&quot;height&quot;:438,&quot;srcset&quot;:&quot;https:\\\/\\\/besthousemarbella.com\\\/wp-content\\\/uploads\\\/2026\\\/04\\\/Hab-2-Apt-el-Rodeito-Best-House-Marbella-584x438.jpg 584w, https:\\\/\\\/besthousemarbella.com\\\/wp-content\\\/uploads\\\/2026\\\/04\\\/Hab-2-Apt-el-Rodeito-Best-House-Marbella-1536x1152.jpg 1536w, https:\\\/\\\/besthousemarbella.com\\\/wp-content\\\/uploads\\\/2026\\\/04\\\/Hab-2-Apt-el-Rodeito-Best-House-Marbella-2048x1536.jpg 2048w&quot;,&quot;sizes&quot;:&quot;(max-width: 584px) 100vw, 584px&quot;},{&quot;image&quot;:&quot;https:\\\/\\\/besthousemarbella.com\\\/wp-content\\\/uploads\\\/2026\\\/04\\\/Hab-Apt-El-Rodeito-Best-House-Marbella-584x438.jpg&quot;,&quot;alt&quot;:&quot;&quot;,&quot;width&quot;:584,&quot;height&quot;:438,&quot;srcset&quot;:&quot;https:\\\/\\\/besthousemarbella.com\\\/wp-content\\\/uploads\\\/2026\\\/04\\\/Hab-Apt-El-Rodeito-Best-House-Marbella-584x438.jpg 584w, https:\\\/\\\/besthousemarbella.com\\\/wp-content\\\/uploads\\\/2026\\\/04\\\/Hab-Apt-El-Rodeito-Best-House-Marbella-1536x1152.jpg 1536w, https:\\\/\\\/besthousemarbella.com\\\/wp-content\\\/uploads\\\/2026\\\/04\\\/Hab-Apt-El-Rodeito-Best-House-Marbella-2048x1536.jpg 2048w&quot;,&quot;sizes&quot;:&quot;(max-width: 584px) 100vw, 584px&quot;}]\">\n\t<div class=\"item-wrap item-wrap-no-frame h-100\">\n\t\t<div class=\"d-flex flex-column align-items-center h-100\">\n\t\t\t<div class=\"item-header\">\n\t\t\t\t\t\t\t\t<div class=\"labels-wrap d-flex align-items-center gap-1\" role=\"group\"> \n\n\t<a href=\"https:\/\/besthousemarbella.com\/fr\/status\/a-vendre\/\" class=\"label-status label status-color-364\">\n\t\t\t\t\tA vendre\n\t\t\t\t<\/a>       \n\n<\/div>\n\t\t\t\t<ul class=\"item-price-wrap d-flex flex-column gap-2\" role=\"list\">\n\t<li class=\"item-price\"><span class=\"price\">450.000\u20ac<\/span><span class=\"price-postfix\"><\/span><\/li><\/ul>\t\t\t\t<ul class=\"item-tools d-flex align-items-center justify-content-center gap-1\">\n        <li class=\"item-tool item-preview\">\n        <span class=\"hz-show-lightbox-js item-tool-preview text-center\" data-listid=\"39923\">\n            <span data-bs-toggle=\"tooltip\" data-bs-placement=\"top\" title=\"Preview\">\n                <i class=\"houzez-icon icon-expand-3\"><\/i>   \n            <\/span>\n        <\/span><!-- item-tool-favorite -->\n    <\/li><!-- item-tool -->\n        \n        <li class=\"item-tool item-favorite\">\n        <span class=\"add-favorite-js item-tool-favorite text-center\" data-bs-toggle=\"tooltip\" data-bs-placement=\"top\" title=\"Favourite\" data-listid=\"39923\">\n            <i class=\"houzez-icon icon-love-it \"><\/i>\n        <\/span><!-- item-tool-favorite -->\n    <\/li><!-- item-tool -->\n    \n        <li class=\"item-tool item-compare\">\n        <span class=\"houzez_compare compare-39923 item-tool-compare text-center\" data-bs-toggle=\"tooltip\" data-bs-placement=\"top\" title=\"Add to Compare\" data-listing_id=\"39923\" data-listing_image=\"https:\/\/besthousemarbella.com\/wp-content\/uploads\/2026\/04\/Pisci-Apt-El-Rodeito-Best-House-Marbella-584x438.jpg\">\n            <i class=\"houzez-icon icon-add-circle\"><\/i>\n            <!-- <i class=\"houzez-icon icon-subtract-circle\"><\/i> -->\n        <\/span><!-- item-tool-compare -->\n    <\/li><!-- item-tool -->\n    <\/ul><!-- item-tools -->\n\t\t\t\t<div class=\"listing-image-wrap\">\n\t<div class=\"listing-thumb\">\n\t\t<a target=\"_self\" href=\"https:\/\/besthousemarbella.com\/fr\/property\/appartement-a-fort-potentiel-a-el-rodeito\/\" class=\"listing-featured-thumb hover-effect image-wrap\" role=\"link\">\n\t\t\t<img loading=\"lazy\" decoding=\"async\" width=\"584\" height=\"438\" src=\"https:\/\/besthousemarbella.com\/wp-content\/uploads\/2026\/04\/Pisci-Apt-El-Rodeito-Best-House-Marbella-584x438.jpg\" class=\"img-fluid wp-post-image\" alt=\"Image from \u2013\" title=\"\">\t\t<\/a><!-- hover-effect -->\n\t<\/div>\n<\/div>\t\t\t\t<div class=\"preview_loader\"><\/div>\n\t\t\t<\/div>\n\t\t\t<div class=\"item-body w-100 flex-grow-1\">\n\t\t\t\t<h2 class=\"item-title mb-2 \">\n\t<a target=\"_self\" href=\"https:\/\/besthousemarbella.com\/fr\/property\/appartement-a-fort-potentiel-a-el-rodeito\/\" role=\"link\">Appartement \u00e0 fort potentiel \u00e0 El Rodeito<\/a>\n<\/h2><!-- item-title -->\t\t\t\t<address class=\"item-address mb-2\"><i class=\"houzez-icon icon-pin me-1\" aria-hidden=\"true\"><\/i><span>El Rodeito, Nueva Andaluc\u00eda<\/span><\/address>\t\t\t\t\t\t\t\t<ul class=\"item-amenities d-flex flex-wrap align-items-center gap-2 mb-2 item-amenities-with-icons\" role=\"list\">\n\t<li class=\"h-beds d-flex align-items-center me-1\"><i class=\"houzez-icon icon-hotel-double-bed-1 me-2\"><\/i><span class=\"item-amenities-text\">Beds:<\/span> <span class=\"hz-figure\">3<\/span><\/li><li class=\"h-baths d-flex align-items-center me-1\"><i class=\"houzez-icon icon-bathroom-shower-1 me-2\"><\/i><span class=\"item-amenities-text\">Baths:<\/span> <span class=\"hz-figure\">2<\/span><\/li><li class=\"h-area d-flex align-items-center me-1\"><i class=\"houzez-icon icon-ruler-triangle me-2\"><\/i><span class=\"hz-figure me-1\">120<\/span> <span class=\"hz-figure area_postfix\">m\u00b2<\/span><\/li><li class=\"h-type d-flex w-100\" role=\"listitem\"><span>Appartement<\/span><\/li><\/ul>\t\t\t\t<a class=\"btn btn-primary btn-item d-md-none d-xl-flex \" target=\"_self\" href=\"https:\/\/besthousemarbella.com\/fr\/property\/appartement-a-fort-potentiel-a-el-rodeito\/\">\n\tDetails<\/a><!-- btn-item -->\n\t\t\t<\/div>\n\t\t\t\t\t\t<div class=\"item-footer d-flex justify-content-between w-100\">\n\t\t\t\t<div class=\"item-author d-flex align-items-center gap-1\">\n\t<div class=\"item-author-image me-2\" role=\"img\">\n\t\t<img decoding=\"async\" class=\"rounded-circle\" src=\"https:\/\/besthousemarbella.com\/wp-content\/uploads\/2025\/11\/valeria-profile-picture-780x780.webp\" width=\"32\" height=\"32\" alt=\"Image from \u2013\" title=\"\">\n\t<\/div>\n\t<a href=\"https:\/\/besthousemarbella.com\/fr\/blog\/agent\/valeria-velastegui\/\" role=\"link\">Valeria Velastegui<\/a>\n<\/div><!-- item-author -->\n\t\t\t\t<div class=\"item-date d-flex align-items-center gap-1\">\n\t<i class=\"houzez-icon icon-attachment me-1\"><\/i>\n\til y a4 semaines<\/div><!-- item-date -->\n\t\t\t<\/div>\n\t\t\t\t\t<\/div>\n\t<\/div>\n<\/div>        <\/div><!-- listing-view -->\n\n                <div id=\"fave-pagination-loadmore\" class=\"load-more-wrap mb-4 fave-load-more\">\n            <a class=\"btn btn-load-more btn-primary-outlined\"\n               data-pagination_type=\"loadmore\"\n               data-paged=\"2\" \n               data-posts_limit=\"3\" \n               data-card=\"v1\" \n               data-property_type=\"\" data-property_status=\"\" data-property_country=\"\" data-property_state=\"\" data-property_city=\"\" data-property_area=\"\" data-property_label=\"\" data-property_ids=\"\" data-property_id=\"\" data-houzez_user_role=\"\" data-featured_prop=\"\" data-sort_by=\"\" data-offset=\"\" data-post_status=\"all\" data-min_price=\"\" data-max_price=\"\" data-min_beds=\"\" data-max_beds=\"\" data-min_baths=\"\" data-max_baths=\"\" data-properties_by_agents=\"\" data-properties_by_agencies=\"\" data-hide_date=\"1\" data-nav_position=\"\"             >\n            <span class=\"houzez-loader-js houzez-hidden spinner-border spinner-border-sm\" aria-hidden=\"true\"><\/span>Charger plus \n            <\/a>\n        <\/div>\n            <\/div><!-- property-grid-module -->\n    \t\t\t\t<\/div>\n\t\t\t\t<\/div>\n\t\t\t\t<div class=\"elementor-element elementor-element-e12e2c7 elementor-widget elementor-widget-houzez_elementor_space\" data-id=\"e12e2c7\" data-element_type=\"widget\" data-e-type=\"widget\" data-widget_type=\"houzez_elementor_space.default\">\n\t\t\t\t<div class=\"elementor-widget-container\">\n\t\t\t\t\t        <div class=\"houzez-spacer\">\n            <div class=\"houzez-spacer-inner\"><\/div>\n        <\/div>\n        \t\t\t\t<\/div>\n\t\t\t\t<\/div>\n\t\t\t\t<div class=\"elementor-element elementor-element-da169f1 elementor-widget elementor-widget-heading\" data-id=\"da169f1\" data-element_type=\"widget\" data-e-type=\"widget\" data-widget_type=\"heading.default\">\n\t\t\t\t<div class=\"elementor-widget-container\">\n\t\t\t\t\t<h2 class=\"elementor-heading-title elementor-size-default\">Strat\u00e9gies intelligentes pour acheter un bien immobilier \u00e0 Marbella en 2025-2026<\/h2>\t\t\t\t<\/div>\n\t\t\t\t<\/div>\n\t\t\t\t<div class=\"elementor-element elementor-element-ffc141d elementor-widget elementor-widget-houzez_elementor_space\" data-id=\"ffc141d\" data-element_type=\"widget\" data-e-type=\"widget\" data-widget_type=\"houzez_elementor_space.default\">\n\t\t\t\t<div class=\"elementor-widget-container\">\n\t\t\t\t\t        <div class=\"houzez-spacer\">\n            <div class=\"houzez-spacer-inner\"><\/div>\n        <\/div>\n        \t\t\t\t<\/div>\n\t\t\t\t<\/div>\n\t\t\t\t<div class=\"elementor-element elementor-element-4aca5ed elementor-widget elementor-widget-heading\" data-id=\"4aca5ed\" data-element_type=\"widget\" data-e-type=\"widget\" data-widget_type=\"heading.default\">\n\t\t\t\t<div class=\"elementor-widget-container\">\n\t\t\t\t\t<h3 class=\"elementor-heading-title elementor-size-default\">1. Donner la priorit\u00e9 aux constructions neuves et aux programmes immobiliers sur plan<\/h3>\t\t\t\t<\/div>\n\t\t\t\t<\/div>\n\t\t\t\t\t<\/div>\n\t\t\t\t<\/div>\n\t\t<div class=\"elementor-element elementor-element-936ebb8 e-flex e-con-boxed e-con e-parent\" data-id=\"936ebb8\" data-element_type=\"container\" data-e-type=\"container\">\n\t\t\t\t\t<div class=\"e-con-inner\">\n\t\t\t\t<div class=\"elementor-element elementor-element-b6edf07 elementor-widget elementor-widget-text-editor\" data-id=\"b6edf07\" data-element_type=\"widget\" data-e-type=\"widget\" data-widget_type=\"text-editor.default\">\n\t\t\t\t<div class=\"elementor-widget-container\">\n\t\t\t\t\t\t\t\t\t<p> <\/p><p data-start=\"4764\" data-end=\"4853\">\u00c9tant donn\u00e9 que la taxe propos\u00e9e vise les <strong data-start=\"4797\" data-end=\"4818\">propri\u00e9t\u00e9s revendues<\/strong>, les nouveaux d\u00e9veloppements sont actuellement :<\/p><ul data-start=\"4854\" data-end=\"4938\"><li data-start=\"4854\" data-end=\"4868\"><p data-start=\"4856\" data-end=\"4868\">Risque moindre<\/p><\/li><li data-start=\"4869\" data-end=\"4891\"><p data-start=\"4871\" data-end=\"4891\">Plus avantageux sur le plan fiscal<\/p><\/li><li data-start=\"4892\" data-end=\"4938\"><p data-start=\"4894\" data-end=\"4938\">Id\u00e9al pour la location \u00e0 long terme et l&#8217;investissement<\/p><\/li><\/ul><p data-start=\"4940\" data-end=\"5011\">Les d\u00e9veloppeurs fournissent \u00e9galement une documentation plus claire, ce qui r\u00e9duit les risques juridiques.<\/p>\t\t\t\t\t\t\t\t<\/div>\n\t\t\t\t<\/div>\n\t\t\t\t<div class=\"elementor-element elementor-element-082aa05 elementor-widget elementor-widget-houzez_elementor_space\" data-id=\"082aa05\" data-element_type=\"widget\" data-e-type=\"widget\" data-widget_type=\"houzez_elementor_space.default\">\n\t\t\t\t<div class=\"elementor-widget-container\">\n\t\t\t\t\t        <div class=\"houzez-spacer\">\n            <div class=\"houzez-spacer-inner\"><\/div>\n        <\/div>\n        \t\t\t\t<\/div>\n\t\t\t\t<\/div>\n\t\t\t\t<div class=\"elementor-element elementor-element-1ff9834 elementor-widget elementor-widget-heading\" data-id=\"1ff9834\" data-element_type=\"widget\" data-e-type=\"widget\" data-widget_type=\"heading.default\">\n\t\t\t\t<div class=\"elementor-widget-container\">\n\t\t\t\t\t<h3 class=\"elementor-heading-title elementor-size-default\">2. V\u00e9rifiez la date de r\u00e9vision de la valeur cadastrale avant d'acheter<\/h3>\t\t\t\t<\/div>\n\t\t\t\t<\/div>\n\t\t\t\t<div class=\"elementor-element elementor-element-1775500 elementor-widget elementor-widget-text-editor\" data-id=\"1775500\" data-element_type=\"widget\" data-e-type=\"widget\" data-widget_type=\"text-editor.default\">\n\t\t\t\t<div class=\"elementor-widget-container\">\n\t\t\t\t\t\t\t\t\t<p> <\/p><p data-start=\"5080\" data-end=\"5144\">Ce petit d\u00e9tail administratif peut avoir des r\u00e9percussions consid\u00e9rables sur :<\/p><ul data-start=\"5145\" data-end=\"5233\"><li data-start=\"5145\" data-end=\"5181\"><p data-start=\"5147\" data-end=\"5181\">Taxe fonci\u00e8re annuelle pour les non-r\u00e9sidents<\/p><\/li><li data-start=\"5182\" data-end=\"5204\"><p data-start=\"5184\" data-end=\"5204\">Imp\u00f4t sur le revenu imput\u00e9<\/p><\/li><li data-start=\"5205\" data-end=\"5233\"><p data-start=\"5207\" data-end=\"5233\">Co\u00fbt de possession \u00e0 long terme<\/p><\/li><\/ul><p data-start=\"5235\" data-end=\"5346\">Pour les propri\u00e9t\u00e9s de luxe, choisir une maison dont la valeur cadastrale a \u00e9t\u00e9 mise \u00e0 jour (\u226410 ans) peut permettre d&#8217;\u00e9conomiser des milliers d&#8217;euros chaque ann\u00e9e.<\/p>\t\t\t\t\t\t\t\t<\/div>\n\t\t\t\t<\/div>\n\t\t\t\t<div class=\"elementor-element elementor-element-e30009d elementor-widget elementor-widget-houzez_elementor_space\" data-id=\"e30009d\" data-element_type=\"widget\" data-e-type=\"widget\" data-widget_type=\"houzez_elementor_space.default\">\n\t\t\t\t<div class=\"elementor-widget-container\">\n\t\t\t\t\t        <div class=\"houzez-spacer\">\n            <div class=\"houzez-spacer-inner\"><\/div>\n        <\/div>\n        \t\t\t\t<\/div>\n\t\t\t\t<\/div>\n\t\t\t\t<div class=\"elementor-element elementor-element-135931c elementor-widget elementor-widget-heading\" data-id=\"135931c\" data-element_type=\"widget\" data-e-type=\"widget\" data-widget_type=\"heading.default\">\n\t\t\t\t<div class=\"elementor-widget-container\">\n\t\t\t\t\t<h3 class=\"elementor-heading-title elementor-size-default\">3. Si la r\u00e9sidence est importante, choisissez votre type de visa d\u00e8s que possible.<\/h3>\t\t\t\t<\/div>\n\t\t\t\t<\/div>\n\t\t\t\t<div class=\"elementor-element elementor-element-b43fa68 elementor-widget elementor-widget-text-editor\" data-id=\"b43fa68\" data-element_type=\"widget\" data-e-type=\"widget\" data-widget_type=\"text-editor.default\">\n\t\t\t\t<div class=\"elementor-widget-container\">\n\t\t\t\t\t\t\t\t\t<p> <\/p><p data-start=\"5413\" data-end=\"5454\">Les alternatives populaires \u00e0 la r\u00e9sidence comprennent :<\/p><ul data-start=\"5455\" data-end=\"5533\"><li data-start=\"5455\" data-end=\"5477\"><p data-start=\"5457\" data-end=\"5477\">Visa pour nomades num\u00e9riques<\/p><\/li><li data-start=\"5478\" data-end=\"5500\"><p data-start=\"5480\" data-end=\"5500\">Visa non lucratif<\/p><\/li><li data-start=\"5501\" data-end=\"5533\"><p data-start=\"5503\" data-end=\"5533\">Visas pour entrepreneurs \/ start-ups<\/p><\/li><\/ul><p data-start=\"5535\" data-end=\"5658\">Pour de nombreux acheteurs, l&#8217;achat d&#8217;un bien immobilier leur permettra d&#8217;atteindre leurs objectifs en mati\u00e8re de mode de vie, mais ne leur permettra plus \u00e0 lui seul d&#8217;obtenir un statut de r\u00e9sident l\u00e9gal.<\/p>\t\t\t\t\t\t\t\t<\/div>\n\t\t\t\t<\/div>\n\t\t\t\t<div class=\"elementor-element elementor-element-cb58112 elementor-widget elementor-widget-houzez_elementor_space\" data-id=\"cb58112\" data-element_type=\"widget\" data-e-type=\"widget\" data-widget_type=\"houzez_elementor_space.default\">\n\t\t\t\t<div class=\"elementor-widget-container\">\n\t\t\t\t\t        <div class=\"houzez-spacer\">\n            <div class=\"houzez-spacer-inner\"><\/div>\n        <\/div>\n        \t\t\t\t<\/div>\n\t\t\t\t<\/div>\n\t\t\t\t<div class=\"elementor-element elementor-element-290d153 elementor-widget elementor-widget-heading\" data-id=\"290d153\" data-element_type=\"widget\" data-e-type=\"widget\" data-widget_type=\"heading.default\">\n\t\t\t\t<div class=\"elementor-widget-container\">\n\t\t\t\t\t<h3 class=\"elementor-heading-title elementor-size-default\">4. Ne comptez pas sur les revenus locatifs \u00e0 court terme sans vous conformer \u00e0 la r\u00e9glementation<\/h3>\t\t\t\t<\/div>\n\t\t\t\t<\/div>\n\t\t\t\t<div class=\"elementor-element elementor-element-8fd602e elementor-widget elementor-widget-text-editor\" data-id=\"8fd602e\" data-element_type=\"widget\" data-e-type=\"widget\" data-widget_type=\"text-editor.default\">\n\t\t\t\t<div class=\"elementor-widget-container\">\n\t\t\t\t\t\t\t\t\t<p> <\/p><p data-start=\"5731\" data-end=\"5760\">Avec l&#8217;entr\u00e9e en vigueur de la NRA :<\/p><ul data-start=\"5761\" data-end=\"5914\"><li data-start=\"5761\" data-end=\"5828\"><p data-start=\"5763\" data-end=\"5828\">Seules les propri\u00e9t\u00e9s disposant d&#8217;une licence en bonne et due forme survivront \u00e0 long terme.<\/p><\/li><li data-start=\"5829\" data-end=\"5853\"><p data-start=\"5831\" data-end=\"5853\">Les amendes seront plus \u00e9lev\u00e9es.<\/p><\/li><li data-start=\"5854\" data-end=\"5914\"><p data-start=\"5856\" data-end=\"5914\">Les plateformes seront tenues de supprimer les logements non enregistr\u00e9s.<\/p><\/li><\/ul><p data-start=\"5916\" data-end=\"5995\">V\u00e9rifiez toujours la l\u00e9galit\u00e9 de la location aupr\u00e8s d&#8217;un avocat sp\u00e9cialis\u00e9 en immobilier \u00e0 Marbella avant d&#8217;acheter.<\/p>\t\t\t\t\t\t\t\t<\/div>\n\t\t\t\t<\/div>\n\t\t\t\t<div class=\"elementor-element elementor-element-353f098 elementor-widget elementor-widget-houzez_elementor_space\" data-id=\"353f098\" data-element_type=\"widget\" data-e-type=\"widget\" data-widget_type=\"houzez_elementor_space.default\">\n\t\t\t\t<div class=\"elementor-widget-container\">\n\t\t\t\t\t        <div class=\"houzez-spacer\">\n            <div class=\"houzez-spacer-inner\"><\/div>\n        <\/div>\n        \t\t\t\t<\/div>\n\t\t\t\t<\/div>\n\t\t\t\t<div class=\"elementor-element elementor-element-22485c9 elementor-widget elementor-widget-heading\" data-id=\"22485c9\" data-element_type=\"widget\" data-e-type=\"widget\" data-widget_type=\"heading.default\">\n\t\t\t\t<div class=\"elementor-widget-container\">\n\t\t\t\t\t<h3 class=\"elementor-heading-title elementor-size-default\">5. Envisagez d'acheter avant que la nouvelle l\u00e9gislation ne soit finalis\u00e9e.<\/h3>\t\t\t\t<\/div>\n\t\t\t\t<\/div>\n\t\t\t\t<div class=\"elementor-element elementor-element-4a3855a elementor-widget elementor-widget-text-editor\" data-id=\"4a3855a\" data-element_type=\"widget\" data-e-type=\"widget\" data-widget_type=\"text-editor.default\">\n\t\t\t\t<div class=\"elementor-widget-container\">\n\t\t\t\t\t\t\t\t\t<p> <\/p><p>Pour les acheteurs avertis qui travaillent avec des \u00e9quipes juridiques solides, conclure la transaction <em data-start=\"6128\" data-end=\"6136\">avant<\/em> l&#8217;entr\u00e9e en vigueur de la loi sur la taxe de revente peut offrir une opportunit\u00e9, mais cela comporte un risque li\u00e9 au calendrier l\u00e9gislatif. Cette approche ne doit \u00eatre adopt\u00e9e qu&#8217;avec un accompagnement juridique. <\/p>\t\t\t\t\t\t\t\t<\/div>\n\t\t\t\t<\/div>\n\t\t\t\t\t<\/div>\n\t\t\t\t<\/div>\n\t\t<div class=\"elementor-element elementor-element-3173113 e-flex e-con-boxed e-con e-parent\" data-id=\"3173113\" data-element_type=\"container\" data-e-type=\"container\">\n\t\t\t\t\t<div class=\"e-con-inner\">\n\t\t\t\t<div class=\"elementor-element elementor-element-3cd5dbd elementor-widget elementor-widget-houzez_elementor_space\" data-id=\"3cd5dbd\" data-element_type=\"widget\" data-e-type=\"widget\" data-widget_type=\"houzez_elementor_space.default\">\n\t\t\t\t<div class=\"elementor-widget-container\">\n\t\t\t\t\t        <div class=\"houzez-spacer\">\n            <div class=\"houzez-spacer-inner\"><\/div>\n        <\/div>\n        \t\t\t\t<\/div>\n\t\t\t\t<\/div>\n\t\t\t\t<div class=\"elementor-element elementor-element-6d2c88c elementor-widget elementor-widget-heading\" data-id=\"6d2c88c\" data-element_type=\"widget\" data-e-type=\"widget\" data-widget_type=\"heading.default\">\n\t\t\t\t<div class=\"elementor-widget-container\">\n\t\t\t\t\t<h2 class=\"elementor-heading-title elementor-size-default\">Liste de contr\u00f4le pour l'achat d'un bien immobilier \u00e0 Marbella en 2026<\/h2>\t\t\t\t<\/div>\n\t\t\t\t<\/div>\n\t\t\t\t<div class=\"elementor-element elementor-element-9b31f23 elementor-widget elementor-widget-text-editor\" data-id=\"9b31f23\" data-element_type=\"widget\" data-e-type=\"widget\" data-widget_type=\"text-editor.default\">\n\t\t\t\t<div class=\"elementor-widget-container\">\n\t\t\t\t\t\t\t\t\t<p> <\/p><p>Avant de continuer, v\u00e9rifiez :<\/p><ul data-start=\"6403\" data-end=\"6743\"><li data-start=\"6403\" data-end=\"6450\"><p data-start=\"6405\" data-end=\"6450\">Que le bien immobilier soit neuf ou ancien<\/p><\/li><li data-start=\"6451\" data-end=\"6484\"><p data-start=\"6453\" data-end=\"6484\">\u00c9tat de mise \u00e0 jour de la valeur cadastrale<\/p><\/li><li data-start=\"6485\" data-end=\"6534\"><p data-start=\"6487\" data-end=\"6534\">Strat\u00e9gie de r\u00e9sidence distincte de l&#8217;achat<\/p><\/li><li data-start=\"6535\" data-end=\"6615\"><p data-start=\"6537\" data-end=\"6615\">Projection fiscale totale (droits de mutation, imp\u00f4t des non-r\u00e9sidents, imp\u00f4t national \u00e9ventuel)<\/p><\/li><li data-start=\"6616\" data-end=\"6666\"><p data-start=\"6618\" data-end=\"6666\">L\u00e9galit\u00e9 de la location et possibilit\u00e9 d&#8217;enregistrement aupr\u00e8s de la NRA<\/p><\/li><li data-start=\"6667\" data-end=\"6743\"><p data-start=\"6669\" data-end=\"6743\">Examen par un avocat des permis, licences, plans d&#8217;urbanisme et r\u00e9putation du promoteur immobilier<\/p><\/li><\/ul><p data-start=\"6745\" data-end=\"6848\">En suivant ces \u00e9tapes, vous \u00eates assur\u00e9 de r\u00e9aliser un achat s\u00fbr et bien structur\u00e9 qui pr\u00e9serve la valeur \u00e0 long terme.<\/p>\t\t\t\t\t\t\t\t<\/div>\n\t\t\t\t<\/div>\n\t\t\t\t\t<\/div>\n\t\t\t\t<\/div>\n\t\t<div class=\"elementor-element elementor-element-b23c9fc e-flex e-con-boxed e-con e-parent\" data-id=\"b23c9fc\" data-element_type=\"container\" data-e-type=\"container\">\n\t\t\t\t\t<div class=\"e-con-inner\">\n\t\t\t\t<div class=\"elementor-element elementor-element-9629f3d elementor-widget elementor-widget-houzez_elementor_space\" data-id=\"9629f3d\" data-element_type=\"widget\" data-e-type=\"widget\" data-widget_type=\"houzez_elementor_space.default\">\n\t\t\t\t<div class=\"elementor-widget-container\">\n\t\t\t\t\t        <div class=\"houzez-spacer\">\n            <div class=\"houzez-spacer-inner\"><\/div>\n        <\/div>\n        \t\t\t\t<\/div>\n\t\t\t\t<\/div>\n\t\t\t\t<div class=\"elementor-element elementor-element-1c23587 elementor-widget elementor-widget-heading\" data-id=\"1c23587\" data-element_type=\"widget\" data-e-type=\"widget\" data-widget_type=\"heading.default\">\n\t\t\t\t<div class=\"elementor-widget-container\">\n\t\t\t\t\t<h2 class=\"elementor-heading-title elementor-size-default\">Ce que tout cela signifie pour le march\u00e9 immobilier de Marbella en 2026<\/h2>\t\t\t\t<\/div>\n\t\t\t\t<\/div>\n\t\t\t\t<div class=\"elementor-element elementor-element-92dd35c elementor-widget elementor-widget-text-editor\" data-id=\"92dd35c\" data-element_type=\"widget\" data-e-type=\"widget\" data-widget_type=\"text-editor.default\">\n\t\t\t\t<div class=\"elementor-widget-container\">\n\t\t\t\t\t\t\t\t\t<p> <\/p><p>Malgr\u00e9 la r\u00e9forme juridique, la <strong data-start=\"6950\" data-end=\"7005\">demande de villas de luxe \u00e0 Marbella<\/strong> reste forte gr\u00e2ce \u00e0 :<\/p><ul data-start=\"7019\" data-end=\"7188\"><li data-start=\"7019\" data-end=\"7053\"><p data-start=\"7021\" data-end=\"7053\">Attrait international en mati\u00e8re de mode de vie<\/p><\/li><li data-start=\"7054\" data-end=\"7081\"><p data-start=\"7056\" data-end=\"7081\">Infrastructure haut de gamme<\/p><\/li><li data-start=\"7082\" data-end=\"7123\"><p data-start=\"7084\" data-end=\"7123\">Offre limit\u00e9e dans les meilleurs micro-emplacements<\/p><\/li><li data-start=\"7124\" data-end=\"7188\"><p data-start=\"7126\" data-end=\"7188\">L&#8217;int\u00e9r\u00eat continu des acheteurs europ\u00e9ens n&#8217;est pas affect\u00e9 par les changements en mati\u00e8re de visas<\/p><\/li><\/ul><p data-start=\"7190\" data-end=\"7281\">Mais les acheteurs doivent d\u00e9sormais \u00eatre<strong data-start=\"7213\" data-end=\"7266\"> plus strat\u00e9giques, mieux inform\u00e9s et plus sensibilis\u00e9s<\/strong> aux questions fiscales qu&#8217;auparavant.<\/p><p data-start=\"7283\" data-end=\"7376\">Marbella reste l&#8217;un des march\u00e9s du luxe les plus pris\u00e9s d&#8217;Europe, mais les r\u00e8gles du jeu ont chang\u00e9.<\/p>\t\t\t\t\t\t\t\t<\/div>\n\t\t\t\t<\/div>\n\t\t\t\t\t<\/div>\n\t\t\t\t<\/div>\n\t\t<div class=\"elementor-element elementor-element-3077aca e-flex e-con-boxed e-con e-parent\" data-id=\"3077aca\" data-element_type=\"container\" data-e-type=\"container\">\n\t\t\t\t\t<div class=\"e-con-inner\">\n\t\t\t\t<div class=\"elementor-element elementor-element-2620f5c elementor-widget elementor-widget-houzez_elementor_space\" data-id=\"2620f5c\" data-element_type=\"widget\" data-e-type=\"widget\" data-widget_type=\"houzez_elementor_space.default\">\n\t\t\t\t<div class=\"elementor-widget-container\">\n\t\t\t\t\t        <div class=\"houzez-spacer\">\n            <div class=\"houzez-spacer-inner\"><\/div>\n        <\/div>\n        \t\t\t\t<\/div>\n\t\t\t\t<\/div>\n\t\t\t\t<div class=\"elementor-element elementor-element-a6710f6 elementor-widget elementor-widget-heading\" data-id=\"a6710f6\" data-element_type=\"widget\" data-e-type=\"widget\" data-widget_type=\"heading.default\">\n\t\t\t\t<div class=\"elementor-widget-container\">\n\t\t\t\t\t<h2 class=\"elementor-heading-title elementor-size-default\">Pr\u00eat \u00e0 acheter un bien immobilier \u00e0 Marbella ? B\u00e9n\u00e9ficiez d\u00e8s aujourd'hui des conseils d'experts <\/h2>\t\t\t\t<\/div>\n\t\t\t\t<\/div>\n\t\t\t\t<div class=\"elementor-element elementor-element-a5090a4 elementor-widget elementor-widget-houzez_elementor_space\" data-id=\"a5090a4\" data-element_type=\"widget\" data-e-type=\"widget\" data-widget_type=\"houzez_elementor_space.default\">\n\t\t\t\t<div class=\"elementor-widget-container\">\n\t\t\t\t\t        <div class=\"houzez-spacer\">\n            <div class=\"houzez-spacer-inner\"><\/div>\n        <\/div>\n        \t\t\t\t<\/div>\n\t\t\t\t<\/div>\n\t\t\t\t<div class=\"elementor-element elementor-element-e84427d elementor-widget elementor-widget-text-editor\" data-id=\"e84427d\" data-element_type=\"widget\" data-e-type=\"widget\" data-widget_type=\"text-editor.default\">\n\t\t\t\t<div class=\"elementor-widget-container\">\n\t\t\t\t\t\t\t\t\t<p>Que vous envisagiez d&#8217;acheter une villa de luxe, un bien immobilier neuf ou que vous recherchiez une strat\u00e9gie de relocalisation \u00e0 long terme, notre \u00e9quipe est l\u00e0 pour vous guider \u00e0 chaque \u00e9tape. Best House Marbella vous propose :<\/p><ul data-start=\"524\" data-end=\"863\"><li data-start=\"524\" data-end=\"626\"><p data-start=\"526\" data-end=\"626\">Acc\u00e8s \u00e0 t<strong data-start=\"536\" data-end=\"593\">outes les propri\u00e9t\u00e9s \u00e0 vendre \u00e0 Marbella et sur la Costa del Sol,<\/strong> y compris les annonces hors march\u00e9.<\/p><\/li><li data-start=\"627\" data-end=\"673\"><p data-start=\"629\" data-end=\"673\">Conseils personnalis\u00e9s pour les acheteurs europ\u00e9ens et non europ\u00e9ens<\/p><\/li><li data-start=\"674\" data-end=\"748\"><p data-start=\"676\" data-end=\"748\">Des partenaires juridiques et fiscaux de confiance sp\u00e9cialis\u00e9s dans la nouvelle r\u00e9glementation 2026<\/p><\/li><li data-start=\"749\" data-end=\"810\"><p data-start=\"751\" data-end=\"810\">Recommandations immobili\u00e8res personnalis\u00e9es en fonction de vos objectifs<\/p><\/li><li data-start=\"811\" data-end=\"863\"><p data-start=\"813\" data-end=\"863\">Assistance compl\u00e8te, du premier appel \u00e0 la remise des cl\u00e9s<\/p><\/li><\/ul><p data-start=\"985\" data-end=\"1127\">\ud83d\udc49<a href=\"https:\/\/besthousemarbella.com\/fr\/contactez-nous\/\"><strong data-start=\"988\" data-end=\"1040\"> Contactez-nous d\u00e8s maintenant pour une consultation priv\u00e9e gratuite.<\/strong><\/a><br data-start=\"1040\" data-end=\"1043\">Notre \u00e9quipe vous r\u00e9pondra rapidement et vous aidera \u00e0 aller de l&#8217;avant en toute clart\u00e9 et confiance.<\/p>\t\t\t\t\t\t\t\t<\/div>\n\t\t\t\t<\/div>\n\t\t\t\t\t<\/div>\n\t\t\t\t<\/div>\n\t\t<div class=\"elementor-element elementor-element-024a380 e-flex e-con-boxed e-con e-parent\" data-id=\"024a380\" data-element_type=\"container\" data-e-type=\"container\">\n\t\t\t\t\t<div class=\"e-con-inner\">\n\t\t\t\t<div class=\"elementor-element elementor-element-c07041b elementor-widget elementor-widget-houzez_elementor_space\" data-id=\"c07041b\" data-element_type=\"widget\" data-e-type=\"widget\" data-widget_type=\"houzez_elementor_space.default\">\n\t\t\t\t<div class=\"elementor-widget-container\">\n\t\t\t\t\t        <div class=\"houzez-spacer\">\n            <div class=\"houzez-spacer-inner\"><\/div>\n        <\/div>\n        \t\t\t\t<\/div>\n\t\t\t\t<\/div>\n\t\t\t\t<div class=\"elementor-element elementor-element-5aae5e5 elementor-widget elementor-widget-heading\" data-id=\"5aae5e5\" data-element_type=\"widget\" data-e-type=\"widget\" data-widget_type=\"heading.default\">\n\t\t\t\t<div class=\"elementor-widget-container\">\n\t\t\t\t\t<h2 class=\"elementor-heading-title elementor-size-default\">Articles de blog r\u00e9cents<\/h2>\t\t\t\t<\/div>\n\t\t\t\t<\/div>\n\t\t\t\t<div class=\"elementor-element elementor-element-7732dc9 elementor-grid-3 elementor-grid-tablet-2 elementor-grid-mobile-1 elementor-posts--thumbnail-top elementor-widget elementor-widget-posts\" data-id=\"7732dc9\" data-element_type=\"widget\" data-e-type=\"widget\" data-settings=\"{&quot;pagination_type&quot;:&quot;numbers&quot;,&quot;classic_columns&quot;:&quot;3&quot;,&quot;classic_columns_tablet&quot;:&quot;2&quot;,&quot;classic_columns_mobile&quot;:&quot;1&quot;,&quot;classic_row_gap&quot;:{&quot;unit&quot;:&quot;px&quot;,&quot;size&quot;:35,&quot;sizes&quot;:[]},&quot;classic_row_gap_tablet&quot;:{&quot;unit&quot;:&quot;px&quot;,&quot;size&quot;:&quot;&quot;,&quot;sizes&quot;:[]},&quot;classic_row_gap_mobile&quot;:{&quot;unit&quot;:&quot;px&quot;,&quot;size&quot;:&quot;&quot;,&quot;sizes&quot;:[]}}\" data-widget_type=\"posts.classic\">\n\t\t\t\t<div class=\"elementor-widget-container\">\n\t\t\t\t\t\t\t<div class=\"elementor-posts-container elementor-posts elementor-posts--skin-classic elementor-grid\" role=\"list\">\n\t\t\t\t<article class=\"elementor-post elementor-grid-item post-36177 post type-post status-publish format-standard has-post-thumbnail hentry category-investissements category-acheter category-biens-immobiliers\" role=\"listitem\">\n\t\t\t\t<a class=\"elementor-post__thumbnail__link\" href=\"https:\/\/besthousemarbella.com\/fr\/blog\/taxes-lors-de-lachat-dun-bien-immobilier-a-marbella-guide-2026\/\" tabindex=\"-1\" >\n\t\t\t<div class=\"elementor-post__thumbnail\"><img loading=\"lazy\" decoding=\"async\" width=\"2048\" height=\"1380\" src=\"https:\/\/besthousemarbella.com\/wp-content\/uploads\/2025\/11\/A740626-2048x1380.webp\" class=\"attachment-2048x2048 size-2048x2048 wp-image-33075\" alt=\"Image from \u2013\" title=\"\" srcset=\"https:\/\/besthousemarbella.com\/wp-content\/uploads\/2025\/11\/A740626-2048x1380.webp 2048w, https:\/\/besthousemarbella.com\/wp-content\/uploads\/2025\/11\/A740626-1536x1035.webp 1536w\" sizes=\"(max-width: 2048px) 100vw, 2048px\"><\/div>\n\t\t<\/a>\n\t\t\t\t<div class=\"elementor-post__text\">\n\t\t\t\t<h3 class=\"elementor-post__title\">\n\t\t\t<a href=\"https:\/\/besthousemarbella.com\/fr\/blog\/taxes-lors-de-lachat-dun-bien-immobilier-a-marbella-guide-2026\/\" >\n\t\t\t\tTaxes lors de l&#8217;achat d&#8217;un bien immobilier \u00e0 Marbella (Guide 2026)\t\t\t<\/a>\n\t\t<\/h3>\n\t\t\n\t\t<a class=\"elementor-post__read-more\" href=\"https:\/\/besthousemarbella.com\/fr\/blog\/taxes-lors-de-lachat-dun-bien-immobilier-a-marbella-guide-2026\/\" aria-label=\"En savoir plus sur Taxes lors de l&#8217;achat d&#8217;un bien immobilier \u00e0 Marbella (Guide 2026)\" tabindex=\"-1\" >\n\t\t\tLire la suite \"\t\t<\/a>\n\n\t\t\t\t<\/div>\n\t\t\t\t<\/article>\n\t\t\t\t<article class=\"elementor-post elementor-grid-item post-36160 post type-post status-publish format-standard has-post-thumbnail hentry category-biens-immobiliers category-acheter category-investissements\" role=\"listitem\">\n\t\t\t\t<a class=\"elementor-post__thumbnail__link\" href=\"https:\/\/besthousemarbella.com\/fr\/blog\/guide-2026-comment-acheter-un-bien-immobilier-a-marbella-et-maximiser-votre-investissement\/\" tabindex=\"-1\" >\n\t\t\t<div class=\"elementor-post__thumbnail\"><img loading=\"lazy\" decoding=\"async\" width=\"2048\" height=\"1536\" src=\"https:\/\/besthousemarbella.com\/wp-content\/uploads\/2026\/01\/buy-property-marbella-blog.webp\" class=\"attachment-2048x2048 size-2048x2048 wp-image-37191\" alt=\"Image from \u2013\" title=\"\" srcset=\"https:\/\/besthousemarbella.com\/wp-content\/uploads\/2026\/01\/buy-property-marbella-blog.webp 2048w, https:\/\/besthousemarbella.com\/wp-content\/uploads\/2026\/01\/buy-property-marbella-blog-1536x1152.webp 1536w, https:\/\/besthousemarbella.com\/wp-content\/uploads\/2026\/01\/buy-property-marbella-blog-584x438.webp 584w\" sizes=\"(max-width: 2048px) 100vw, 2048px\"><\/div>\n\t\t<\/a>\n\t\t\t\t<div class=\"elementor-post__text\">\n\t\t\t\t<h3 class=\"elementor-post__title\">\n\t\t\t<a href=\"https:\/\/besthousemarbella.com\/fr\/blog\/guide-2026-comment-acheter-un-bien-immobilier-a-marbella-et-maximiser-votre-investissement\/\" >\n\t\t\t\tGuide 2026 : Comment acheter un bien immobilier \u00e0 Marbella et maximiser votre investissement\t\t\t<\/a>\n\t\t<\/h3>\n\t\t\n\t\t<a class=\"elementor-post__read-more\" href=\"https:\/\/besthousemarbella.com\/fr\/blog\/guide-2026-comment-acheter-un-bien-immobilier-a-marbella-et-maximiser-votre-investissement\/\" aria-label=\"En savoir plus sur Guide 2026 : Comment acheter un bien immobilier \u00e0 Marbella et maximiser votre investissement\" tabindex=\"-1\" >\n\t\t\tLire la suite \"\t\t<\/a>\n\n\t\t\t\t<\/div>\n\t\t\t\t<\/article>\n\t\t\t\t<article class=\"elementor-post elementor-grid-item post-33566 post type-post status-publish format-standard has-post-thumbnail hentry category-acheter category-biens-immobiliers category-investissements\" role=\"listitem\">\n\t\t\t\t<a class=\"elementor-post__thumbnail__link\" href=\"https:\/\/besthousemarbella.com\/fr\/blog\/10-questions-essentielles-a-poser-avant-dacheter-une-maison-a-marbella-guide-2026\/\" tabindex=\"-1\" >\n\t\t\t<div class=\"elementor-post__thumbnail\"><img loading=\"lazy\" decoding=\"async\" width=\"2048\" height=\"1152\" src=\"https:\/\/besthousemarbella.com\/wp-content\/uploads\/2025\/12\/79-of-79-2048x1152.webp\" class=\"attachment-2048x2048 size-2048x2048 wp-image-33567\" alt=\"Image from \u2013\" title=\"\" srcset=\"https:\/\/besthousemarbella.com\/wp-content\/uploads\/2025\/12\/79-of-79-2048x1152.webp 2048w, https:\/\/besthousemarbella.com\/wp-content\/uploads\/2025\/12\/79-of-79-1536x864.webp 1536w\" sizes=\"(max-width: 2048px) 100vw, 2048px\"><\/div>\n\t\t<\/a>\n\t\t\t\t<div class=\"elementor-post__text\">\n\t\t\t\t<h3 class=\"elementor-post__title\">\n\t\t\t<a href=\"https:\/\/besthousemarbella.com\/fr\/blog\/10-questions-essentielles-a-poser-avant-dacheter-une-maison-a-marbella-guide-2026\/\" >\n\t\t\t\t10 Questions Essentielles \u00e0 Poser Avant D&#8217;acheter une Maison \u00e0 Marbella (Guide 2026)\t\t\t<\/a>\n\t\t<\/h3>\n\t\t\n\t\t<a class=\"elementor-post__read-more\" href=\"https:\/\/besthousemarbella.com\/fr\/blog\/10-questions-essentielles-a-poser-avant-dacheter-une-maison-a-marbella-guide-2026\/\" aria-label=\"En savoir plus sur 10 Questions Essentielles \u00e0 Poser Avant D&#8217;acheter une Maison \u00e0 Marbella (Guide 2026)\" tabindex=\"-1\" >\n\t\t\tLire la suite \"\t\t<\/a>\n\n\t\t\t\t<\/div>\n\t\t\t\t<\/article>\n\t\t\t\t<\/div>\n\t\t\n\t\t\t\t<div class=\"e-load-more-anchor\" data-page=\"1\" data-max-page=\"5\" data-next-page=\"https:\/\/besthousemarbella.com\/fr\/wp-json\/wp\/v2\/posts\/33460\/page\/2\/\"><\/div>\n\t\t\t\t<nav class=\"elementor-pagination\" aria-label=\"Pagination\">\n\t\t\t<span aria-current=\"page\" class=\"page-numbers current\"><span class=\"elementor-screen-only\">Page<\/span>1<\/span>\n<a class=\"page-numbers\" href=\"https:\/\/besthousemarbella.com\/fr\/wp-json\/wp\/v2\/posts\/33460\/page\/2\/\"><span class=\"elementor-screen-only\">Page<\/span>2<\/a>\n<a class=\"page-numbers\" href=\"https:\/\/besthousemarbella.com\/fr\/wp-json\/wp\/v2\/posts\/33460\/page\/3\/\"><span class=\"elementor-screen-only\">Page<\/span>3<\/a>\t\t<\/nav>\n\t\t\t\t\t\t<\/div>\n\t\t\t\t<\/div>\n\t\t\t\t<div class=\"elementor-element elementor-element-f926e89 elementor-widget elementor-widget-houzez_elementor_space\" data-id=\"f926e89\" data-element_type=\"widget\" data-e-type=\"widget\" data-widget_type=\"houzez_elementor_space.default\">\n\t\t\t\t<div class=\"elementor-widget-container\">\n\t\t\t\t\t        <div class=\"houzez-spacer\">\n            <div class=\"houzez-spacer-inner\"><\/div>\n        <\/div>\n        \t\t\t\t<\/div>\n\t\t\t\t<\/div>\n\t\t\t\t\t<\/div>\n\t\t\t\t<\/div>\n\t\t\t\t<\/div>\n\t\t","protected":false},"excerpt":{"rendered":"<p>Acheter un bien immobilier \u00e0 Marbella en 2026 : nouvelles r\u00e8gles et fiscalit\u00e9 Table des mati\u00e8res Si vous envisagez d&#8217;acheter un bien immobilier \u00e0 Marbella<\/p>\n","protected":false},"author":2,"featured_media":33214,"comment_status":"closed","ping_status":"open","sticky":false,"template":"elementor_header_footer","format":"standard","meta":{"footnotes":""},"categories":[468,344],"tags":[],"class_list":["post-33460","post","type-post","status-publish","format-standard","has-post-thumbnail","hentry","category-acheter","category-biens-immobiliers"],"_links":{"self":[{"href":"https:\/\/besthousemarbella.com\/fr\/wp-json\/wp\/v2\/posts\/33460","targetHints":{"allow":["GET"]}}],"collection":[{"href":"https:\/\/besthousemarbella.com\/fr\/wp-json\/wp\/v2\/posts"}],"about":[{"href":"https:\/\/besthousemarbella.com\/fr\/wp-json\/wp\/v2\/types\/post"}],"author":[{"embeddable":true,"href":"https:\/\/besthousemarbella.com\/fr\/wp-json\/wp\/v2\/users\/2"}],"replies":[{"embeddable":true,"href":"https:\/\/besthousemarbella.com\/fr\/wp-json\/wp\/v2\/comments?post=33460"}],"version-history":[{"count":0,"href":"https:\/\/besthousemarbella.com\/fr\/wp-json\/wp\/v2\/posts\/33460\/revisions"}],"wp:featuredmedia":[{"embeddable":true,"href":"https:\/\/besthousemarbella.com\/fr\/wp-json\/wp\/v2\/media\/33214"}],"wp:attachment":[{"href":"https:\/\/besthousemarbella.com\/fr\/wp-json\/wp\/v2\/media?parent=33460"}],"wp:term":[{"taxonomy":"category","embeddable":true,"href":"https:\/\/besthousemarbella.com\/fr\/wp-json\/wp\/v2\/categories?post=33460"},{"taxonomy":"post_tag","embeddable":true,"href":"https:\/\/besthousemarbella.com\/fr\/wp-json\/wp\/v2\/tags?post=33460"}],"curies":[{"name":"wp","href":"https:\/\/api.w.org\/{rel}","templated":true}]}}