{"id":36177,"date":"2026-02-03T19:46:34","date_gmt":"2026-02-03T17:46:34","guid":{"rendered":"https:\/\/besthousemarbella.com\/blog\/taxes-lors-de-lachat-dun-bien-immobilier-a-marbella-guide-2026\/"},"modified":"2026-02-23T19:17:37","modified_gmt":"2026-02-23T17:17:37","slug":"taxes-lors-de-lachat-dun-bien-immobilier-a-marbella-guide-2026","status":"publish","type":"post","link":"https:\/\/besthousemarbella.com\/fr\/blog\/taxes-lors-de-lachat-dun-bien-immobilier-a-marbella-guide-2026\/","title":{"rendered":"Taxes lors de l&#8217;achat d&#8217;un bien immobilier \u00e0 Marbella (Guide 2026)"},"content":{"rendered":"\t\t<div data-elementor-type=\"wp-post\" data-elementor-id=\"36177\" class=\"elementor elementor-36177 elementor-34853\" data-elementor-post-type=\"post\">\n\t\t\t\t<div class=\"elementor-element elementor-element-6003a39 e-flex e-con-boxed e-con e-parent\" data-id=\"6003a39\" data-element_type=\"container\" data-e-type=\"container\">\n\t\t\t\t\t<div class=\"e-con-inner\">\n\t\t\t\t<div class=\"elementor-element elementor-element-c8578ce elementor-widget elementor-widget-houzez_elementor_space\" data-id=\"c8578ce\" data-element_type=\"widget\" data-e-type=\"widget\" data-widget_type=\"houzez_elementor_space.default\">\n\t\t\t\t<div class=\"elementor-widget-container\">\n\t\t\t\t\t        <div class=\"houzez-spacer\">\n            <div class=\"houzez-spacer-inner\"><\/div>\n        <\/div>\n        \t\t\t\t<\/div>\n\t\t\t\t<\/div>\n\t\t\t\t<div class=\"elementor-element elementor-element-ee2071d elementor-widget elementor-widget-heading\" data-id=\"ee2071d\" data-element_type=\"widget\" data-e-type=\"widget\" data-widget_type=\"heading.default\">\n\t\t\t\t<div class=\"elementor-widget-container\">\n\t\t\t\t\t<h1 class=\"elementor-heading-title elementor-size-default\">Taxes lors de l'achat d'un bien immobilier \u00e0 Marbella (Guide 2026)<\/h1>\t\t\t\t<\/div>\n\t\t\t\t<\/div>\n\t\t\t\t<div class=\"elementor-element elementor-element-1bb0e64 elementor-hidden-mobile elementor-widget elementor-widget-houzez-property-breadcrumb\" data-id=\"1bb0e64\" data-element_type=\"widget\" data-e-type=\"widget\" data-widget_type=\"houzez-property-breadcrumb.default\">\n\t\t\t\t<div class=\"elementor-widget-container\">\n\t\t\t\t\t<div class=\"breadcrumb-wrap\"><ol class=\"breadcrumb\"><li class=\"breadcrumb-item breadcrumb-item-home\"><i class=\"houzez-icon icon-house\"><\/i><a href=\"https:\/\/besthousemarbella.com\/fr\/\/\">Accueil<\/a><\/li><\/ol><\/div>\t\t\t\t<\/div>\n\t\t\t\t<\/div>\n\t\t\t\t<div class=\"elementor-element elementor-element-b82646e elementor-toc--minimized-on-desktop elementor-widget__width-initial elementor-widget elementor-widget-table-of-contents\" data-id=\"b82646e\" data-element_type=\"widget\" data-e-type=\"widget\" data-settings=\"{&quot;headings_by_tags&quot;:[&quot;h2&quot;,&quot;h3&quot;],&quot;exclude_headings_by_selector&quot;:[],&quot;no_headings_message&quot;:&quot;No headings were found on this page.&quot;,&quot;minimized_on&quot;:&quot;desktop&quot;,&quot;marker_view&quot;:&quot;numbers&quot;,&quot;minimize_box&quot;:&quot;yes&quot;,&quot;hierarchical_view&quot;:&quot;yes&quot;,&quot;min_height&quot;:{&quot;unit&quot;:&quot;px&quot;,&quot;size&quot;:&quot;&quot;,&quot;sizes&quot;:[]},&quot;min_height_tablet&quot;:{&quot;unit&quot;:&quot;px&quot;,&quot;size&quot;:&quot;&quot;,&quot;sizes&quot;:[]},&quot;min_height_mobile&quot;:{&quot;unit&quot;:&quot;px&quot;,&quot;size&quot;:&quot;&quot;,&quot;sizes&quot;:[]}}\" data-widget_type=\"table-of-contents.default\">\n\t\t\t\t<div class=\"elementor-widget-container\">\n\t\t\t\t\t\t\t\t\t<div class=\"elementor-toc__header\">\n\t\t\t\t\t\t<h2 class=\"elementor-toc__header-title\">\n\t\t\t\tTable des mati\u00e8res\t\t\t<\/h2>\n\t\t\t\t\t\t\t\t\t\t<div class=\"elementor-toc__toggle-button elementor-toc__toggle-button--expand\" role=\"button\" tabindex=\"0\" aria-controls=\"elementor-toc__b82646e\" aria-expanded=\"true\" aria-label=\"Ouvrir la table des mati\u00e8res\"><svg aria-hidden=\"true\" class=\"e-font-icon-svg e-fas-chevron-down\" viewBox=\"0 0 448 512\" xmlns=\"http:\/\/www.w3.org\/2000\/svg\"><path d=\"M207.029 381.476L12.686 187.132c-9.373-9.373-9.373-24.569 0-33.941l22.667-22.667c9.357-9.357 24.522-9.375 33.901-.04L224 284.505l154.745-154.021c9.379-9.335 24.544-9.317 33.901.04l22.667 22.667c9.373 9.373 9.373 24.569 0 33.941L240.971 381.476c-9.373 9.372-24.569 9.372-33.942 0z\"><\/path><\/svg><\/div>\n\t\t\t\t<div class=\"elementor-toc__toggle-button elementor-toc__toggle-button--collapse\" role=\"button\" tabindex=\"0\" aria-controls=\"elementor-toc__b82646e\" aria-expanded=\"true\" aria-label=\"Fermer la table des mati\u00e8res\"><svg aria-hidden=\"true\" class=\"e-font-icon-svg e-fas-chevron-up\" viewBox=\"0 0 448 512\" xmlns=\"http:\/\/www.w3.org\/2000\/svg\"><path d=\"M240.971 130.524l194.343 194.343c9.373 9.373 9.373 24.569 0 33.941l-22.667 22.667c-9.357 9.357-24.522 9.375-33.901.04L224 227.495 69.255 381.516c-9.379 9.335-24.544 9.317-33.901-.04l-22.667-22.667c-9.373-9.373-9.373-24.569 0-33.941L207.03 130.525c9.372-9.373 24.568-9.373 33.941-.001z\"><\/path><\/svg><\/div>\n\t\t\t\t\t<\/div>\n\t\t\t\t<div id=\"elementor-toc__b82646e\" class=\"elementor-toc__body\">\n\t\t\t<div class=\"elementor-toc__spinner-container\">\n\t\t\t\t<svg class=\"elementor-toc__spinner eicon-animation-spin e-font-icon-svg e-eicon-loading\" aria-hidden=\"true\" viewBox=\"0 0 1000 1000\" xmlns=\"http:\/\/www.w3.org\/2000\/svg\"><path d=\"M500 975V858C696 858 858 696 858 500S696 142 500 142 142 304 142 500H25C25 237 238 25 500 25S975 237 975 500 763 975 500 975Z\"><\/path><\/svg>\t\t\t<\/div>\n\t\t<\/div>\n\t\t\t\t\t\t<\/div>\n\t\t\t\t<\/div>\n\t\t\t\t<div class=\"elementor-element elementor-element-235e351 elementor-widget elementor-widget-houzez_elementor_space\" data-id=\"235e351\" data-element_type=\"widget\" data-e-type=\"widget\" data-widget_type=\"houzez_elementor_space.default\">\n\t\t\t\t<div class=\"elementor-widget-container\">\n\t\t\t\t\t        <div class=\"houzez-spacer\">\n            <div class=\"houzez-spacer-inner\"><\/div>\n        <\/div>\n        \t\t\t\t<\/div>\n\t\t\t\t<\/div>\n\t\t\t\t<div class=\"elementor-element elementor-element-ae06ce7 elementor-widget elementor-widget-Houzez_Banner_Image\" data-id=\"ae06ce7\" data-element_type=\"widget\" data-e-type=\"widget\" data-widget_type=\"Houzez_Banner_Image.default\">\n\t\t\t\t<div class=\"elementor-widget-container\">\n\t\t\t\t\t\n        <div class=\"banner-image-module d-flex justify-content-center align-items-center\">\n                        \n            <img decoding=\"async\" class=\"img-fluid\" src=\"https:\/\/besthousemarbella.com\/wp-content\/uploads\/2025\/11\/A740626-2048x1380.webp\" alt=\"Image from \u2013\" title=\"\">\n                            <a class=\"banner-image-module-link w-100 h-100 top-0 bottom-0 start-0 end-0\"><\/a>\n                    <\/div>\n        \n   \t\t\t\t<\/div>\n\t\t\t\t<\/div>\n\t\t\t\t<div class=\"elementor-element elementor-element-71e8104 elementor-widget elementor-widget-houzez_elementor_space\" data-id=\"71e8104\" data-element_type=\"widget\" data-e-type=\"widget\" data-widget_type=\"houzez_elementor_space.default\">\n\t\t\t\t<div class=\"elementor-widget-container\">\n\t\t\t\t\t        <div class=\"houzez-spacer\">\n            <div class=\"houzez-spacer-inner\"><\/div>\n        <\/div>\n        \t\t\t\t<\/div>\n\t\t\t\t<\/div>\n\t\t\t\t<div class=\"elementor-element elementor-element-83f6147 elementor-widget elementor-widget-text-editor\" data-id=\"83f6147\" data-element_type=\"widget\" data-e-type=\"widget\" data-widget_type=\"text-editor.default\">\n\t\t\t\t<div class=\"elementor-widget-container\">\n\t\t\t\t\t\t\t\t\t<p><em>L&#8217;achat d&#8217;un bien immobilier \u00e0 Marbella ne se r\u00e9sume pas au simple prix d&#8217;achat. Il est essentiel de bien comprendre les taxes et les frais suppl\u00e9mentaires afin d&#8217;\u00e9viter les mauvaises surprises et de planifier correctement votre investissement. <\/em><\/p><p><em>Nous vous expliquerons toutes les taxes applicables lors de l&#8217;achat d&#8217;un bien immobilier \u00e0 Marbella, que vous achetiez une maison en revente, un nouveau programme immobilier ou que vous investissiez en tant que non-r\u00e9sident en Espagne.<\/em><\/p><p><em>Ce guide est particuli\u00e8rement utile pour les acheteurs internationaux et les non-r\u00e9sidents qui souhaitent avoir une vue d&#8217;ensemble claire de toutes les taxes applicables \u00e0 l&#8217;achat d&#8217;un bien immobilier \u00e0 Marbella avant de prendre une d\u00e9cision.<\/em><\/p>\t\t\t\t\t\t\t\t<\/div>\n\t\t\t\t<\/div>\n\t\t\t\t<div class=\"elementor-element elementor-element-696d1d5 elementor-widget elementor-widget-houzez_elementor_space\" data-id=\"696d1d5\" data-element_type=\"widget\" data-e-type=\"widget\" data-widget_type=\"houzez_elementor_space.default\">\n\t\t\t\t<div class=\"elementor-widget-container\">\n\t\t\t\t\t        <div class=\"houzez-spacer\">\n            <div class=\"houzez-spacer-inner\"><\/div>\n        <\/div>\n        \t\t\t\t<\/div>\n\t\t\t\t<\/div>\n\t\t\t\t<div class=\"elementor-element elementor-element-282c928 elementor-widget elementor-widget-heading\" data-id=\"282c928\" data-element_type=\"widget\" data-e-type=\"widget\" data-widget_type=\"heading.default\">\n\t\t\t\t<div class=\"elementor-widget-container\">\n\t\t\t\t\t<h2 class=\"elementor-heading-title elementor-size-default\">Quelles taxes devez-vous payer lors de l'achat d'un bien immobilier \u00e0 Marbella (ITP, TVA et droits de timbre) ?<\/h2>\t\t\t\t<\/div>\n\t\t\t\t<\/div>\n\t\t\t\t<div class=\"elementor-element elementor-element-f1fa3a1 elementor-widget elementor-widget-text-editor\" data-id=\"f1fa3a1\" data-element_type=\"widget\" data-e-type=\"widget\" data-widget_type=\"text-editor.default\">\n\t\t\t\t<div class=\"elementor-widget-container\">\n\t\t\t\t\t\t\t\t\t<p>Lors de l&#8217;achat d&#8217;un bien immobilier \u00e0 Marbella, les taxes d\u00e9pendent du type de bien :<\/p><p>\u2022 Propri\u00e9t\u00e9s en revente \u2192 Imp\u00f4t sur les transferts immobiliers (ITP)<br>\u2022 Propri\u00e9t\u00e9s neuves \u2192 TVA (IVA) + Droit d&#8217;apport (AJD)<\/p><p>Les taxes que vous payez d\u00e9pendent principalement du fait que le bien immobilier soit <strong data-start=\"1940\" data-end=\"1950\"><a href=\"https:\/\/besthousemarbella.com\/fr\/biens\/\">une revente<\/a><\/strong> ou une <a href=\"https:\/\/besthousemarbella.com\/fr\/nouveaux-programmes\/\"><strong data-start=\"1954\" data-end=\"1967\">construction neuve<\/strong><\/a>. Vous trouverez ci-dessous une ventilation claire des sc\u00e9narios les plus courants. <\/p>\t\t\t\t\t\t\t\t<\/div>\n\t\t\t\t<\/div>\n\t\t\t\t<div class=\"elementor-element elementor-element-c2ffbad elementor-widget elementor-widget-houzez_elementor_space\" data-id=\"c2ffbad\" data-element_type=\"widget\" data-e-type=\"widget\" data-widget_type=\"houzez_elementor_space.default\">\n\t\t\t\t<div class=\"elementor-widget-container\">\n\t\t\t\t\t        <div class=\"houzez-spacer\">\n            <div class=\"houzez-spacer-inner\"><\/div>\n        <\/div>\n        \t\t\t\t<\/div>\n\t\t\t\t<\/div>\n\t\t\t\t<div class=\"elementor-element elementor-element-72569ae elementor-widget elementor-widget-heading\" data-id=\"72569ae\" data-element_type=\"widget\" data-e-type=\"widget\" data-widget_type=\"heading.default\">\n\t\t\t\t<div class=\"elementor-widget-container\">\n\t\t\t\t\t<h3 class=\"elementor-heading-title elementor-size-default\">Imp\u00f4t sur les transferts immobiliers (ITP) \u2013 Propri\u00e9t\u00e9s en revente<\/h3>\t\t\t\t<\/div>\n\t\t\t\t<\/div>\n\t\t\t\t<div class=\"elementor-element elementor-element-9150082 elementor-widget elementor-widget-text-editor\" data-id=\"9150082\" data-element_type=\"widget\" data-e-type=\"widget\" data-widget_type=\"text-editor.default\">\n\t\t\t\t<div class=\"elementor-widget-container\">\n\t\t\t\t\t\t\t\t\t<p data-start=\"2090\" data-end=\"2198\">Si vous achetez un bien immobilier d&#8217;occasion \u00e0 Marbella, vous devrez payer l&#8217;ITP (Impuesto sobre Transmisiones Patrimoniales).<\/p><ul data-start=\"2200\" data-end=\"2315\"><li data-start=\"2200\" data-end=\"2229\"><p data-start=\"2202\" data-end=\"2229\">Taux : 7 % en Andalousie<\/p><\/li><li data-start=\"2230\" data-end=\"2260\"><p data-start=\"2232\" data-end=\"2260\">Qui paie : l&#8217;acheteur<\/p><\/li><li data-start=\"2261\" data-end=\"2315\"><p data-start=\"2263\" data-end=\"2315\"><strong data-start=\"2263\" data-end=\"2272\">Quand : <\/strong>dans les 30 jours suivant la signature de l&#8217;acte de propri\u00e9t\u00e9<\/p><\/li><\/ul><p data-start=\"2317\" data-end=\"2389\">Cette taxe s&#8217;applique \u00e0 la plupart des appartements, villas et maisons de ville d&#8217;occasion. L&#8217;ITP est calcul\u00e9e sur la base du prix d&#8217;achat officiel indiqu\u00e9 dans l&#8217;acte notari\u00e9 sign\u00e9 chez le notaire. <\/p>\t\t\t\t\t\t\t\t<\/div>\n\t\t\t\t<\/div>\n\t\t\t\t<div class=\"elementor-element elementor-element-42def83 elementor-widget elementor-widget-houzez_elementor_space\" data-id=\"42def83\" data-element_type=\"widget\" data-e-type=\"widget\" data-widget_type=\"houzez_elementor_space.default\">\n\t\t\t\t<div class=\"elementor-widget-container\">\n\t\t\t\t\t        <div class=\"houzez-spacer\">\n            <div class=\"houzez-spacer-inner\"><\/div>\n        <\/div>\n        \t\t\t\t<\/div>\n\t\t\t\t<\/div>\n\t\t\t\t<div class=\"elementor-element elementor-element-c3555de elementor-widget elementor-widget-heading\" data-id=\"c3555de\" data-element_type=\"widget\" data-e-type=\"widget\" data-widget_type=\"heading.default\">\n\t\t\t\t<div class=\"elementor-widget-container\">\n\t\t\t\t\t<h3 class=\"elementor-heading-title elementor-size-default\">TVA (IVA) \u2013 Propri\u00e9t\u00e9s neuves<\/h3>\t\t\t\t<\/div>\n\t\t\t\t<\/div>\n\t\t\t\t<div class=\"elementor-element elementor-element-3234b28 elementor-widget elementor-widget-text-editor\" data-id=\"3234b28\" data-element_type=\"widget\" data-e-type=\"widget\" data-widget_type=\"text-editor.default\">\n\t\t\t\t<div class=\"elementor-widget-container\">\n\t\t\t\t\t\t\t\t\t<p data-start=\"2439\" data-end=\"2531\">Pour les nouveaux programmes immobiliers ou les biens vendus directement par un promoteur, la TVA s&#8217;applique \u00e0 la place de l&#8217;ITP.<\/p><ul data-start=\"2533\" data-end=\"2653\"><li data-start=\"2533\" data-end=\"2554\"><p data-start=\"2535\" data-end=\"2554\"><strong data-start=\"2535\" data-end=\"2548\">Taux de TVA : <\/strong>10 %<\/p><\/li><li data-start=\"2555\" data-end=\"2585\"><p data-start=\"2557\" data-end=\"2585\"><strong data-start=\"2557\" data-end=\"2573\">Qui paie : <\/strong>l&#8217;acheteur<\/p><\/li><li data-start=\"2586\" data-end=\"2653\"><p data-start=\"2588\" data-end=\"2653\"><strong data-start=\"2588\" data-end=\"2603\">S&#8217;applique aux : <\/strong>maisons neuves, projets sur plan, premi\u00e8res occupations<\/p><\/li><\/ul><p>La TVA s&#8217;applique aux achats sur plan et aux logements neufs achet\u00e9s directement aupr\u00e8s du promoteur immobilier.<\/p>\t\t\t\t\t\t\t\t<\/div>\n\t\t\t\t<\/div>\n\t\t\t\t<div class=\"elementor-element elementor-element-7982c53 elementor-widget elementor-widget-houzez_elementor_space\" data-id=\"7982c53\" data-element_type=\"widget\" data-e-type=\"widget\" data-widget_type=\"houzez_elementor_space.default\">\n\t\t\t\t<div class=\"elementor-widget-container\">\n\t\t\t\t\t        <div class=\"houzez-spacer\">\n            <div class=\"houzez-spacer-inner\"><\/div>\n        <\/div>\n        \t\t\t\t<\/div>\n\t\t\t\t<\/div>\n\t\t\t\t<div class=\"elementor-element elementor-element-883bfb6 elementor-widget elementor-widget-heading\" data-id=\"883bfb6\" data-element_type=\"widget\" data-e-type=\"widget\" data-widget_type=\"heading.default\">\n\t\t\t\t<div class=\"elementor-widget-container\">\n\t\t\t\t\t<h3 class=\"elementor-heading-title elementor-size-default\">Droit de timbre (AJD)<\/h3>\t\t\t\t<\/div>\n\t\t\t\t<\/div>\n\t\t\t\t<div class=\"elementor-element elementor-element-53092cc elementor-widget elementor-widget-text-editor\" data-id=\"53092cc\" data-element_type=\"widget\" data-e-type=\"widget\" data-widget_type=\"text-editor.default\">\n\t\t\t\t<div class=\"elementor-widget-container\">\n\t\t\t\t\t\t\t\t\t<p data-start=\"2687\" data-end=\"2770\">Les droits de timbre (AJD \u2013 Actos Jur\u00eddicos Documentados) s&#8217;appliquent uniquement aux biens immobiliers neufs.<\/p><ul data-start=\"2772\" data-end=\"2832\"><li data-start=\"2772\" data-end=\"2803\"><p data-start=\"2774\" data-end=\"2803\"><strong data-start=\"2774\" data-end=\"2783\">Taux :<\/strong> 1,2 % en Andalousie<\/p><\/li><li data-start=\"2804\" data-end=\"2832\"><p data-start=\"2806\" data-end=\"2832\"><strong data-start=\"2806\" data-end=\"2832\">Pay\u00e9 avec la TVA<\/strong><\/p><\/li><\/ul><p>Ces pourcentages sont des estimations et peuvent varier en fonction des frais juridiques, de la valeur du bien immobilier et des circonstances individuelles.<\/p>\t\t\t\t\t\t\t\t<\/div>\n\t\t\t\t<\/div>\n\t\t\t\t\t<\/div>\n\t\t\t\t<\/div>\n\t\t<div class=\"elementor-element elementor-element-b984b68 e-flex e-con-boxed e-con e-parent\" data-id=\"b984b68\" data-element_type=\"container\" data-e-type=\"container\">\n\t\t\t\t\t<div class=\"e-con-inner\">\n\t\t\t\t<div class=\"elementor-element elementor-element-c544b32 elementor-widget elementor-widget-houzez_elementor_space\" data-id=\"c544b32\" data-element_type=\"widget\" data-e-type=\"widget\" data-widget_type=\"houzez_elementor_space.default\">\n\t\t\t\t<div class=\"elementor-widget-container\">\n\t\t\t\t\t        <div class=\"houzez-spacer\">\n            <div class=\"houzez-spacer-inner\"><\/div>\n        <\/div>\n        \t\t\t\t<\/div>\n\t\t\t\t<\/div>\n\t\t\t\t<div class=\"elementor-element elementor-element-a6b9fe9 elementor-widget elementor-widget-heading\" data-id=\"a6b9fe9\" data-element_type=\"widget\" data-e-type=\"widget\" data-widget_type=\"heading.default\">\n\t\t\t\t<div class=\"elementor-widget-container\">\n\t\t\t\t\t<h2 class=\"elementor-heading-title elementor-size-default\">Co\u00fbts totaux li\u00e9s \u00e0 l'achat d'un bien immobilier \u00e0 Marbella (exemple r\u00e9el)<\/h2>\t\t\t\t<\/div>\n\t\t\t\t<\/div>\n\t\t<div class=\"elementor-element elementor-element-e549fb5 e-grid e-con-full e-con e-child\" data-id=\"e549fb5\" data-element_type=\"container\" data-e-type=\"container\">\n\t\t\t\t<div class=\"elementor-element elementor-element-c1d9307 elementor-widget elementor-widget-text-editor\" data-id=\"c1d9307\" data-element_type=\"widget\" data-e-type=\"widget\" data-widget_type=\"text-editor.default\">\n\t\t\t\t<div class=\"elementor-widget-container\">\n\t\t\t\t\t\t\t\t\t<p data-start=\"2906\" data-end=\"2971\">Au-del\u00e0 des taxes, les acheteurs doivent pr\u00e9voir des frais d&#8217;achat suppl\u00e9mentaires. Ces pourcentages sont des estimations et peuvent varier en fonction des frais juridiques, de la valeur du bien immobilier et des circonstances individuelles :  <\/p><ul data-start=\"2998\" data-end=\"3135\"><li data-start=\"2998\" data-end=\"3064\"><p data-start=\"3000\" data-end=\"3064\"><strong data-start=\"3000\" data-end=\"3022\">Propri\u00e9t\u00e9s en revente :<\/strong> environ 8 \u00e0 10 % du prix d&#8217;achat<\/p><\/li><li data-start=\"3065\" data-end=\"3135\"><p data-start=\"3067\" data-end=\"3135\">Propri\u00e9t\u00e9s neuves : environ 12 \u00e0 14 % du prix d&#8217;achat<\/p><\/li><\/ul><p data-start=\"3137\" data-end=\"3161\">Ces co\u00fbts comprennent :<\/p><ul data-start=\"3162\" data-end=\"3261\"><li data-start=\"3162\" data-end=\"3188\"><p data-start=\"3164\" data-end=\"3188\">Taxes (ITP ou TVA + AJD)<\/p><\/li><li data-start=\"3189\" data-end=\"3202\"><p data-start=\"3191\" data-end=\"3202\">Frais de notaire<\/p><\/li><li data-start=\"3203\" data-end=\"3223\"><p data-start=\"3205\" data-end=\"3223\">Frais d&#8217;enregistrement foncier<\/p><\/li><li data-start=\"3224\" data-end=\"3236\"><p data-start=\"3226\" data-end=\"3236\">Frais juridiques<\/p><\/li><li data-start=\"3237\" data-end=\"3261\"><p data-start=\"3239\" data-end=\"3261\">Frais administratifs<\/p><\/li><\/ul><p data-start=\"3263\" data-end=\"3363\">Il est essentiel de planifier ces co\u00fbts \u00e0 l&#8217;avance lorsque vous achetez un bien immobilier \u00e0 Marbella en tant qu&#8217;acheteur \u00e9tranger.<\/p><p data-start=\"3263\" data-end=\"3363\">\ud83d\udca1 <em>Par exemple, pour une propri\u00e9t\u00e9 de 500 000 \u20ac \u00e0 Marbella, il faut compter environ 35 000 \u20ac de taxes (ITP \u00e0 7 %) plus 10 000 \u00e0 12 000 \u20ac de frais de notaire et d&#8217;enregistrement.<\/em><\/p>\t\t\t\t\t\t\t\t<\/div>\n\t\t\t\t<\/div>\n\t\t\t\t<div class=\"elementor-element elementor-element-8e94efe elementor-widget elementor-widget-image\" data-id=\"8e94efe\" data-element_type=\"widget\" data-e-type=\"widget\" data-widget_type=\"image.default\">\n\t\t\t\t<div class=\"elementor-widget-container\">\n\t\t\t\t\t\t\t\t\t\t\t\t\t\t\t<img decoding=\"async\" src=\"https:\/\/besthousemarbella.com\/wp-content\/uploads\/2026\/02\/Captura-de-pantalla-2026-02-03-a-las-18.12.56.webp\" title=\"\" alt=\"Image from \u2013\" loading=\"lazy\">\t\t\t\t\t\t\t\t\t\t\t\t\t\t\t<\/div>\n\t\t\t\t<\/div>\n\t\t\t\t<\/div>\n\t\t\t\t<div class=\"elementor-element elementor-element-5e21f2e elementor-widget elementor-widget-houzez_elementor_space\" data-id=\"5e21f2e\" data-element_type=\"widget\" data-e-type=\"widget\" data-widget_type=\"houzez_elementor_space.default\">\n\t\t\t\t<div class=\"elementor-widget-container\">\n\t\t\t\t\t        <div class=\"houzez-spacer\">\n            <div class=\"houzez-spacer-inner\"><\/div>\n        <\/div>\n        \t\t\t\t<\/div>\n\t\t\t\t<\/div>\n\t\t\t\t<div class=\"elementor-element elementor-element-eb0067a elementor-widget elementor-widget-heading\" data-id=\"eb0067a\" data-element_type=\"widget\" data-e-type=\"widget\" data-widget_type=\"heading.default\">\n\t\t\t\t<div class=\"elementor-widget-container\">\n\t\t\t\t\t<h2 class=\"elementor-heading-title elementor-size-default\">Imp\u00f4ts pour les non-r\u00e9sidents achetant un bien immobilier \u00e0 Marbella<\/h2>\t\t\t\t<\/div>\n\t\t\t\t<\/div>\n\t\t\t\t<div class=\"elementor-element elementor-element-fc3f197 elementor-widget elementor-widget-text-editor\" data-id=\"fc3f197\" data-element_type=\"widget\" data-e-type=\"widget\" data-widget_type=\"text-editor.default\">\n\t\t\t\t<div class=\"elementor-widget-container\">\n\t\t\t\t\t\t\t\t\t<p data-start=\"3431\" data-end=\"3517\">Les non-r\u00e9sidents peuvent acheter librement des biens immobiliers \u00e0 Marbella, mais les r\u00e8gles fiscales diff\u00e8rent l\u00e9g\u00e8rement.<\/p><ul data-start=\"3519\" data-end=\"3729\"><li data-start=\"3519\" data-end=\"3579\"><p data-start=\"3521\" data-end=\"3579\"><strong data-start=\"3525\" data-end=\"3556\">Vous payez les m\u00eames taxes d&#8217;achat que les r\u00e9sidents espagnols.<\/strong><\/p><\/li><\/ul><p data-start=\"3582\" data-end=\"3620\">Apr\u00e8s l&#8217;achat, vous pouvez \u00eatre soumis \u00e0 :<\/p><ul><li style=\"list-style-type: none;\"><ul data-start=\"3623\" data-end=\"3729\"><li data-start=\"3623\" data-end=\"3664\"><p>Taxe fonci\u00e8re (IBI) \u2013 Taxe locale annuelle bas\u00e9e sur la valeur cadastrale<\/p><\/li><li data-start=\"3623\" data-end=\"3664\"><p>Imp\u00f4t sur le revenu des non-r\u00e9sidents en cas de location du bien immobilier<\/p><\/li><li data-start=\"3623\" data-end=\"3664\"><p>Imp\u00f4t sur la fortune en fonction du niveau des actifs<\/p><\/li><\/ul><\/li><\/ul><p data-start=\"3731\" data-end=\"3817\">Travailler avec un agent immobilier local et un conseiller juridique permet de garantir une conformit\u00e9 totale. <\/p>\t\t\t\t\t\t\t\t<\/div>\n\t\t\t\t<\/div>\n\t\t\t\t<div class=\"elementor-element elementor-element-5b1732e elementor-widget elementor-widget-houzez_elementor_space\" data-id=\"5b1732e\" data-element_type=\"widget\" data-e-type=\"widget\" data-widget_type=\"houzez_elementor_space.default\">\n\t\t\t\t<div class=\"elementor-widget-container\">\n\t\t\t\t\t        <div class=\"houzez-spacer\">\n            <div class=\"houzez-spacer-inner\"><\/div>\n        <\/div>\n        \t\t\t\t<\/div>\n\t\t\t\t<\/div>\n\t\t\t\t\t<\/div>\n\t\t\t\t<\/div>\n\t\t<div class=\"elementor-element elementor-element-6009afa e-flex e-con-boxed e-con e-parent\" data-id=\"6009afa\" data-element_type=\"container\" data-e-type=\"container\">\n\t\t\t\t\t<div class=\"e-con-inner\">\n\t\t\t\t<div class=\"elementor-element elementor-element-56984a5 elementor-widget elementor-widget-heading\" data-id=\"56984a5\" data-element_type=\"widget\" data-e-type=\"widget\" data-widget_type=\"heading.default\">\n\t\t\t\t<div class=\"elementor-widget-container\">\n\t\t\t\t\t<h2 class=\"elementor-heading-title elementor-size-default\">Derni\u00e8res propri\u00e9t\u00e9s \u00e0 vendre \u00e0 Marbella<\/h2>\t\t\t\t<\/div>\n\t\t\t\t<\/div>\n\t\t\t\t<div class=\"elementor-element elementor-element-adb61d8 elementor-widget-tablet__width-inherit elementor-widget elementor-widget-houzez_elementor_property-card-v1\" data-id=\"adb61d8\" data-element_type=\"widget\" data-e-type=\"widget\" data-widget_type=\"houzez_elementor_property-card-v1.default\">\n\t\t\t\t<div class=\"elementor-widget-container\">\n\t\t\t\t\t    <div id=\"properties_module_section\" class=\"property-cards-module property-cards-module-v1 property-cards-module-col-3\">\n        <div id=\"module_properties\" class=\"listing-view grid-view row row-cols-1 row-cols-md-2 row-cols-lg-3 gy-4 gx-4\">\n            <div class=\"item-listing-wrap item-wrap-v1 hz-item-gallery-js hz-map-trigger\" data-hz-id=\"40075\" data-images=\"[{&quot;image&quot;:&quot;https:\\\/\\\/besthousemarbella.com\\\/wp-content\\\/uploads\\\/2026\\\/04\\\/Oia-38-584x438.jpg&quot;,&quot;alt&quot;:&quot;&quot;,&quot;width&quot;:584,&quot;height&quot;:438,&quot;srcset&quot;:false,&quot;sizes&quot;:&quot;(max-width: 584px) 100vw, 584px&quot;},{&quot;image&quot;:&quot;https:\\\/\\\/besthousemarbella.com\\\/wp-content\\\/uploads\\\/2026\\\/04\\\/Oia-38-584x438.jpg&quot;,&quot;alt&quot;:&quot;&quot;,&quot;width&quot;:584,&quot;height&quot;:438,&quot;srcset&quot;:false,&quot;sizes&quot;:&quot;(max-width: 584px) 100vw, 584px&quot;},{&quot;image&quot;:&quot;https:\\\/\\\/besthousemarbella.com\\\/wp-content\\\/uploads\\\/2026\\\/04\\\/Oia-52-584x438.jpg&quot;,&quot;alt&quot;:&quot;&quot;,&quot;width&quot;:584,&quot;height&quot;:438,&quot;srcset&quot;:false,&quot;sizes&quot;:&quot;(max-width: 584px) 100vw, 584px&quot;},{&quot;image&quot;:&quot;https:\\\/\\\/besthousemarbella.com\\\/wp-content\\\/uploads\\\/2026\\\/04\\\/Oia-31-584x438.jpg&quot;,&quot;alt&quot;:&quot;&quot;,&quot;width&quot;:584,&quot;height&quot;:438,&quot;srcset&quot;:false,&quot;sizes&quot;:&quot;(max-width: 584px) 100vw, 584px&quot;},{&quot;image&quot;:&quot;https:\\\/\\\/besthousemarbella.com\\\/wp-content\\\/uploads\\\/2026\\\/04\\\/Oia-30-584x438.jpg&quot;,&quot;alt&quot;:&quot;&quot;,&quot;width&quot;:584,&quot;height&quot;:438,&quot;srcset&quot;:false,&quot;sizes&quot;:&quot;(max-width: 584px) 100vw, 584px&quot;},{&quot;image&quot;:&quot;https:\\\/\\\/besthousemarbella.com\\\/wp-content\\\/uploads\\\/2026\\\/04\\\/Oia-22-584x438.jpg&quot;,&quot;alt&quot;:&quot;&quot;,&quot;width&quot;:584,&quot;height&quot;:438,&quot;srcset&quot;:false,&quot;sizes&quot;:&quot;(max-width: 584px) 100vw, 584px&quot;},{&quot;image&quot;:&quot;https:\\\/\\\/besthousemarbella.com\\\/wp-content\\\/uploads\\\/2026\\\/04\\\/Oia-23-584x438.jpg&quot;,&quot;alt&quot;:&quot;&quot;,&quot;width&quot;:584,&quot;height&quot;:438,&quot;srcset&quot;:false,&quot;sizes&quot;:&quot;(max-width: 584px) 100vw, 584px&quot;},{&quot;image&quot;:&quot;https:\\\/\\\/besthousemarbella.com\\\/wp-content\\\/uploads\\\/2026\\\/04\\\/Oia-57-584x438.jpg&quot;,&quot;alt&quot;:&quot;&quot;,&quot;width&quot;:584,&quot;height&quot;:438,&quot;srcset&quot;:false,&quot;sizes&quot;:&quot;(max-width: 584px) 100vw, 584px&quot;},{&quot;image&quot;:&quot;https:\\\/\\\/besthousemarbella.com\\\/wp-content\\\/uploads\\\/2026\\\/04\\\/Oia-26-584x438.jpg&quot;,&quot;alt&quot;:&quot;&quot;,&quot;width&quot;:584,&quot;height&quot;:438,&quot;srcset&quot;:false,&quot;sizes&quot;:&quot;(max-width: 584px) 100vw, 584px&quot;},{&quot;image&quot;:&quot;https:\\\/\\\/besthousemarbella.com\\\/wp-content\\\/uploads\\\/2026\\\/04\\\/Oia-24-584x438.jpg&quot;,&quot;alt&quot;:&quot;&quot;,&quot;width&quot;:584,&quot;height&quot;:438,&quot;srcset&quot;:false,&quot;sizes&quot;:&quot;(max-width: 584px) 100vw, 584px&quot;}]\">\n\t<div class=\"item-wrap item-wrap-no-frame h-100\">\n\t\t<div class=\"d-flex flex-column align-items-center h-100\">\n\t\t\t<div class=\"item-header\">\n\t\t\t\t\t\t\t\t<div class=\"labels-wrap d-flex align-items-center gap-1\" role=\"group\"> \n\n\t<a href=\"https:\/\/besthousemarbella.com\/fr\/status\/a-vendre\/\" class=\"label-status label status-color-364\">\n\t\t\t\t\tA vendre\n\t\t\t\t<\/a>       \n\n<\/div>\n\t\t\t\t<ul class=\"item-price-wrap d-flex flex-column gap-2\" role=\"list\">\n\t<li class=\"item-price\"><span class=\"price\">2.995.000\u20ac<\/span><span class=\"price-postfix\"><\/span><\/li><\/ul>\t\t\t\t<ul class=\"item-tools d-flex align-items-center justify-content-center gap-1\">\n        <li class=\"item-tool item-preview\">\n        <span class=\"hz-show-lightbox-js item-tool-preview text-center\" data-listid=\"40075\">\n            <span data-bs-toggle=\"tooltip\" data-bs-placement=\"top\" title=\"Preview\">\n                <i class=\"houzez-icon icon-expand-3\"><\/i>   \n            <\/span>\n        <\/span><!-- item-tool-favorite -->\n    <\/li><!-- item-tool -->\n        \n        <li class=\"item-tool item-favorite\">\n        <span class=\"add-favorite-js item-tool-favorite text-center\" data-bs-toggle=\"tooltip\" data-bs-placement=\"top\" title=\"Favourite\" data-listid=\"40075\">\n            <i class=\"houzez-icon icon-love-it \"><\/i>\n        <\/span><!-- item-tool-favorite -->\n    <\/li><!-- item-tool -->\n    \n        <li class=\"item-tool item-compare\">\n        <span class=\"houzez_compare compare-40075 item-tool-compare text-center\" data-bs-toggle=\"tooltip\" data-bs-placement=\"top\" title=\"Add to Compare\" data-listing_id=\"40075\" data-listing_image=\"https:\/\/besthousemarbella.com\/wp-content\/uploads\/2026\/04\/Oia-38-584x438.jpg\">\n            <i class=\"houzez-icon icon-add-circle\"><\/i>\n            <!-- <i class=\"houzez-icon icon-subtract-circle\"><\/i> -->\n        <\/span><!-- item-tool-compare -->\n    <\/li><!-- item-tool -->\n    <\/ul><!-- item-tools -->\n\t\t\t\t<div class=\"listing-image-wrap\">\n\t<div class=\"listing-thumb\">\n\t\t<a target=\"_self\" href=\"https:\/\/besthousemarbella.com\/fr\/property\/penthouse-renove-avec-vue-panoramique-a-sierra-blanca\/\" class=\"listing-featured-thumb hover-effect image-wrap\" role=\"link\">\n\t\t\t<img fetchpriority=\"high\" decoding=\"async\" width=\"584\" height=\"438\" src=\"https:\/\/besthousemarbella.com\/wp-content\/uploads\/2026\/04\/Oia-38-584x438.jpg\" class=\"img-fluid wp-post-image\" alt=\"Image from \u2013\" title=\"\">\t\t<\/a><!-- hover-effect -->\n\t<\/div>\n<\/div>\t\t\t\t<div class=\"preview_loader\"><\/div>\n\t\t\t<\/div>\n\t\t\t<div class=\"item-body w-100 flex-grow-1\">\n\t\t\t\t<h2 class=\"item-title mb-2 \">\n\t<a target=\"_self\" href=\"https:\/\/besthousemarbella.com\/fr\/property\/penthouse-renove-avec-vue-panoramique-a-sierra-blanca\/\" role=\"link\">Penthouse r\u00e9nov\u00e9 avec vue panoramique \u00e0 Sierra Blanca<\/a>\n<\/h2><!-- item-title -->\t\t\t\t<address class=\"item-address mb-2\"><i class=\"houzez-icon icon-pin me-1\" aria-hidden=\"true\"><\/i><span>Jardines Colgantes, Sierra Blanca<\/span><\/address>\t\t\t\t\t\t\t\t<ul class=\"item-amenities d-flex flex-wrap align-items-center gap-2 mb-2 item-amenities-with-icons\" role=\"list\">\n\t<li class=\"h-beds d-flex align-items-center me-1\"><i class=\"houzez-icon icon-hotel-double-bed-1 me-2\"><\/i><span class=\"item-amenities-text\">Beds:<\/span> <span class=\"hz-figure\">3<\/span><\/li><li class=\"h-baths d-flex align-items-center me-1\"><i class=\"houzez-icon icon-bathroom-shower-1 me-2\"><\/i><span class=\"item-amenities-text\">Baths:<\/span> <span class=\"hz-figure\">4<\/span><\/li><li class=\"h-area d-flex align-items-center me-1\"><i class=\"houzez-icon icon-ruler-triangle me-2\"><\/i><span class=\"hz-figure me-1\">223<\/span> <span class=\"hz-figure area_postfix\">m\u00b2<\/span><\/li><li class=\"h-type d-flex w-100\" role=\"listitem\"><span>Appartement, Penthouse Appartement<\/span><\/li><\/ul>\t\t\t\t<a class=\"btn btn-primary btn-item d-md-none d-xl-flex item-no-footer\" target=\"_self\" href=\"https:\/\/besthousemarbella.com\/fr\/property\/penthouse-renove-avec-vue-panoramique-a-sierra-blanca\/\">\n\tDetails<\/a><!-- btn-item -->\n\t\t\t<\/div>\n\t\t\t\t\t<\/div>\n\t<\/div>\n<\/div><div class=\"item-listing-wrap item-wrap-v1 hz-item-gallery-js hz-map-trigger\" data-hz-id=\"39993\" data-images=\"[{&quot;image&quot;:&quot;https:\\\/\\\/besthousemarbella.com\\\/wp-content\\\/uploads\\\/2026\\\/04\\\/Captura-de-pantalla-2026-04-14-a-las-11.45.07-584x438.png&quot;,&quot;alt&quot;:&quot;&quot;,&quot;width&quot;:584,&quot;height&quot;:438,&quot;srcset&quot;:false,&quot;sizes&quot;:&quot;(max-width: 584px) 100vw, 584px&quot;},{&quot;image&quot;:&quot;https:\\\/\\\/besthousemarbella.com\\\/wp-content\\\/uploads\\\/2026\\\/04\\\/Captura-de-pantalla-2026-04-14-a-las-11.45.07-584x438.png&quot;,&quot;alt&quot;:&quot;&quot;,&quot;width&quot;:584,&quot;height&quot;:438,&quot;srcset&quot;:false,&quot;sizes&quot;:&quot;(max-width: 584px) 100vw, 584px&quot;},{&quot;image&quot;:&quot;https:\\\/\\\/besthousemarbella.com\\\/wp-content\\\/uploads\\\/2026\\\/04\\\/Captura-de-pantalla-2026-04-14-a-las-11.42.44-584x438.png&quot;,&quot;alt&quot;:&quot;&quot;,&quot;width&quot;:584,&quot;height&quot;:438,&quot;srcset&quot;:false,&quot;sizes&quot;:&quot;(max-width: 584px) 100vw, 584px&quot;},{&quot;image&quot;:&quot;https:\\\/\\\/besthousemarbella.com\\\/wp-content\\\/uploads\\\/2026\\\/04\\\/Captura-de-pantalla-2026-04-14-a-las-11.43.31-584x438.png&quot;,&quot;alt&quot;:&quot;&quot;,&quot;width&quot;:584,&quot;height&quot;:438,&quot;srcset&quot;:false,&quot;sizes&quot;:&quot;(max-width: 584px) 100vw, 584px&quot;},{&quot;image&quot;:&quot;https:\\\/\\\/besthousemarbella.com\\\/wp-content\\\/uploads\\\/2026\\\/04\\\/Captura-de-pantalla-2026-04-14-a-las-11.42.52-584x438.png&quot;,&quot;alt&quot;:&quot;&quot;,&quot;width&quot;:584,&quot;height&quot;:438,&quot;srcset&quot;:false,&quot;sizes&quot;:&quot;(max-width: 584px) 100vw, 584px&quot;},{&quot;image&quot;:&quot;https:\\\/\\\/besthousemarbella.com\\\/wp-content\\\/uploads\\\/2026\\\/04\\\/Captura-de-pantalla-2026-04-14-a-las-11.43.00-584x438.png&quot;,&quot;alt&quot;:&quot;&quot;,&quot;width&quot;:584,&quot;height&quot;:438,&quot;srcset&quot;:false,&quot;sizes&quot;:&quot;(max-width: 584px) 100vw, 584px&quot;},{&quot;image&quot;:&quot;https:\\\/\\\/besthousemarbella.com\\\/wp-content\\\/uploads\\\/2026\\\/04\\\/Captura-de-pantalla-2026-04-14-a-las-11.43.08-584x438.png&quot;,&quot;alt&quot;:&quot;&quot;,&quot;width&quot;:584,&quot;height&quot;:438,&quot;srcset&quot;:false,&quot;sizes&quot;:&quot;(max-width: 584px) 100vw, 584px&quot;},{&quot;image&quot;:&quot;https:\\\/\\\/besthousemarbella.com\\\/wp-content\\\/uploads\\\/2026\\\/04\\\/Captura-de-pantalla-2026-04-14-a-las-11.43.16-584x438.png&quot;,&quot;alt&quot;:&quot;&quot;,&quot;width&quot;:584,&quot;height&quot;:438,&quot;srcset&quot;:false,&quot;sizes&quot;:&quot;(max-width: 584px) 100vw, 584px&quot;},{&quot;image&quot;:&quot;https:\\\/\\\/besthousemarbella.com\\\/wp-content\\\/uploads\\\/2026\\\/04\\\/Captura-de-pantalla-2026-04-14-a-las-11.43.39-584x438.png&quot;,&quot;alt&quot;:&quot;&quot;,&quot;width&quot;:584,&quot;height&quot;:438,&quot;srcset&quot;:false,&quot;sizes&quot;:&quot;(max-width: 584px) 100vw, 584px&quot;},{&quot;image&quot;:&quot;https:\\\/\\\/besthousemarbella.com\\\/wp-content\\\/uploads\\\/2026\\\/04\\\/Captura-de-pantalla-2026-04-14-a-las-11.43.51-584x438.png&quot;,&quot;alt&quot;:&quot;&quot;,&quot;width&quot;:584,&quot;height&quot;:438,&quot;srcset&quot;:false,&quot;sizes&quot;:&quot;(max-width: 584px) 100vw, 584px&quot;}]\">\n\t<div class=\"item-wrap item-wrap-no-frame h-100\">\n\t\t<div class=\"d-flex flex-column align-items-center h-100\">\n\t\t\t<div class=\"item-header\">\n\t\t\t\t\t\t\t\t<div class=\"labels-wrap d-flex align-items-center gap-1\" role=\"group\"> \n\n\t<a href=\"https:\/\/besthousemarbella.com\/fr\/status\/a-vendre\/\" class=\"label-status label status-color-364\">\n\t\t\t\t\tA vendre\n\t\t\t\t<\/a>       \n\n<\/div>\n\t\t\t\t<ul class=\"item-price-wrap d-flex flex-column gap-2\" role=\"list\">\n\t<li class=\"item-price\"><span class=\"price\">500.000\u20ac<\/span><span class=\"price-postfix\"><\/span><\/li><\/ul>\t\t\t\t<ul class=\"item-tools d-flex align-items-center justify-content-center gap-1\">\n        <li class=\"item-tool item-preview\">\n        <span class=\"hz-show-lightbox-js item-tool-preview text-center\" data-listid=\"39993\">\n            <span data-bs-toggle=\"tooltip\" data-bs-placement=\"top\" title=\"Preview\">\n                <i class=\"houzez-icon icon-expand-3\"><\/i>   \n            <\/span>\n        <\/span><!-- item-tool-favorite -->\n    <\/li><!-- item-tool -->\n        \n        <li class=\"item-tool item-favorite\">\n        <span class=\"add-favorite-js item-tool-favorite text-center\" data-bs-toggle=\"tooltip\" data-bs-placement=\"top\" title=\"Favourite\" data-listid=\"39993\">\n            <i class=\"houzez-icon icon-love-it \"><\/i>\n        <\/span><!-- item-tool-favorite -->\n    <\/li><!-- item-tool -->\n    \n        <li class=\"item-tool item-compare\">\n        <span class=\"houzez_compare compare-39993 item-tool-compare text-center\" data-bs-toggle=\"tooltip\" data-bs-placement=\"top\" title=\"Add to Compare\" data-listing_id=\"39993\" data-listing_image=\"https:\/\/besthousemarbella.com\/wp-content\/uploads\/2026\/04\/Captura-de-pantalla-2026-04-14-a-las-11.45.07-584x438.png\">\n            <i class=\"houzez-icon icon-add-circle\"><\/i>\n            <!-- <i class=\"houzez-icon icon-subtract-circle\"><\/i> -->\n        <\/span><!-- item-tool-compare -->\n    <\/li><!-- item-tool -->\n    <\/ul><!-- item-tools -->\n\t\t\t\t<div class=\"listing-image-wrap\">\n\t<div class=\"listing-thumb\">\n\t\t<a target=\"_self\" href=\"https:\/\/besthousemarbella.com\/fr\/property\/appartement-lumineux-en-angle-pres-de-puerto-banus\/\" class=\"listing-featured-thumb hover-effect image-wrap\" role=\"link\">\n\t\t\t<img decoding=\"async\" width=\"584\" height=\"438\" src=\"https:\/\/besthousemarbella.com\/wp-content\/uploads\/2026\/04\/Captura-de-pantalla-2026-04-14-a-las-11.45.07-584x438.png\" class=\"img-fluid wp-post-image\" alt=\"Image from \u2013\" title=\"\">\t\t<\/a><!-- hover-effect -->\n\t<\/div>\n<\/div>\t\t\t\t<div class=\"preview_loader\"><\/div>\n\t\t\t<\/div>\n\t\t\t<div class=\"item-body w-100 flex-grow-1\">\n\t\t\t\t<h2 class=\"item-title mb-2 \">\n\t<a target=\"_self\" href=\"https:\/\/besthousemarbella.com\/fr\/property\/appartement-lumineux-en-angle-pres-de-puerto-banus\/\" role=\"link\">Appartement lumineux en angle pr\u00e8s de Puerto Ban\u00fas<\/a>\n<\/h2><!-- item-title -->\t\t\t\t<address class=\"item-address mb-2\"><i class=\"houzez-icon icon-pin me-1\" aria-hidden=\"true\"><\/i><span>La Dama de Noche, Nueva Andaluc\u00eda<\/span><\/address>\t\t\t\t\t\t\t\t<ul class=\"item-amenities d-flex flex-wrap align-items-center gap-2 mb-2 item-amenities-with-icons\" role=\"list\">\n\t<li class=\"h-beds d-flex align-items-center me-1\"><i class=\"houzez-icon icon-hotel-double-bed-1 me-2\"><\/i><span class=\"item-amenities-text\">Beds:<\/span> <span class=\"hz-figure\">2<\/span><\/li><li class=\"h-baths d-flex align-items-center me-1\"><i class=\"houzez-icon icon-bathroom-shower-1 me-2\"><\/i><span class=\"item-amenities-text\">Baths:<\/span> <span class=\"hz-figure\">2<\/span><\/li><li class=\"h-area d-flex align-items-center me-1\"><i class=\"houzez-icon icon-ruler-triangle me-2\"><\/i><span class=\"hz-figure me-1\">84<\/span> <span class=\"hz-figure area_postfix\">m\u00b2<\/span><\/li><li class=\"h-type d-flex w-100\" role=\"listitem\"><span>Appartement<\/span><\/li><\/ul>\t\t\t\t<a class=\"btn btn-primary btn-item d-md-none d-xl-flex item-no-footer\" target=\"_self\" href=\"https:\/\/besthousemarbella.com\/fr\/property\/appartement-lumineux-en-angle-pres-de-puerto-banus\/\">\n\tDetails<\/a><!-- btn-item -->\n\t\t\t<\/div>\n\t\t\t\t\t<\/div>\n\t<\/div>\n<\/div><div class=\"item-listing-wrap item-wrap-v1 hz-item-gallery-js hz-map-trigger\" data-hz-id=\"39923\" data-images=\"[{&quot;image&quot;:&quot;https:\\\/\\\/besthousemarbella.com\\\/wp-content\\\/uploads\\\/2026\\\/04\\\/Pisci-Apt-El-Rodeito-Best-House-Marbella-584x438.jpg&quot;,&quot;alt&quot;:&quot;&quot;,&quot;width&quot;:584,&quot;height&quot;:438,&quot;srcset&quot;:false,&quot;sizes&quot;:&quot;(max-width: 584px) 100vw, 584px&quot;},{&quot;image&quot;:&quot;https:\\\/\\\/besthousemarbella.com\\\/wp-content\\\/uploads\\\/2026\\\/04\\\/Pisci-Apt-El-Rodeito-Best-House-Marbella-584x438.jpg&quot;,&quot;alt&quot;:&quot;&quot;,&quot;width&quot;:584,&quot;height&quot;:438,&quot;srcset&quot;:false,&quot;sizes&quot;:&quot;(max-width: 584px) 100vw, 584px&quot;},{&quot;image&quot;:&quot;https:\\\/\\\/besthousemarbella.com\\\/wp-content\\\/uploads\\\/2026\\\/04\\\/salon-2-Apt-El-Rodeito-Best-House-Marbella-584x438.jpg&quot;,&quot;alt&quot;:&quot;&quot;,&quot;width&quot;:584,&quot;height&quot;:438,&quot;srcset&quot;:&quot;https:\\\/\\\/besthousemarbella.com\\\/wp-content\\\/uploads\\\/2026\\\/04\\\/salon-2-Apt-El-Rodeito-Best-House-Marbella-584x438.jpg 584w, https:\\\/\\\/besthousemarbella.com\\\/wp-content\\\/uploads\\\/2026\\\/04\\\/salon-2-Apt-El-Rodeito-Best-House-Marbella-1536x1152.jpg 1536w, https:\\\/\\\/besthousemarbella.com\\\/wp-content\\\/uploads\\\/2026\\\/04\\\/salon-2-Apt-El-Rodeito-Best-House-Marbella-2048x1536.jpg 2048w&quot;,&quot;sizes&quot;:&quot;(max-width: 584px) 100vw, 584px&quot;},{&quot;image&quot;:&quot;https:\\\/\\\/besthousemarbella.com\\\/wp-content\\\/uploads\\\/2026\\\/04\\\/Salon-3-Apt-El-Rodeito-Best-House-Marbella-584x438.jpg&quot;,&quot;alt&quot;:&quot;&quot;,&quot;width&quot;:584,&quot;height&quot;:438,&quot;srcset&quot;:&quot;https:\\\/\\\/besthousemarbella.com\\\/wp-content\\\/uploads\\\/2026\\\/04\\\/Salon-3-Apt-El-Rodeito-Best-House-Marbella-584x438.jpg 584w, https:\\\/\\\/besthousemarbella.com\\\/wp-content\\\/uploads\\\/2026\\\/04\\\/Salon-3-Apt-El-Rodeito-Best-House-Marbella-1536x1152.jpg 1536w, https:\\\/\\\/besthousemarbella.com\\\/wp-content\\\/uploads\\\/2026\\\/04\\\/Salon-3-Apt-El-Rodeito-Best-House-Marbella-2048x1536.jpg 2048w&quot;,&quot;sizes&quot;:&quot;(max-width: 584px) 100vw, 584px&quot;},{&quot;image&quot;:&quot;https:\\\/\\\/besthousemarbella.com\\\/wp-content\\\/uploads\\\/2026\\\/04\\\/Salon-1-Apt-El-Rodeito-Best-House-Marbella-584x438.jpg&quot;,&quot;alt&quot;:&quot;&quot;,&quot;width&quot;:584,&quot;height&quot;:438,&quot;srcset&quot;:&quot;https:\\\/\\\/besthousemarbella.com\\\/wp-content\\\/uploads\\\/2026\\\/04\\\/Salon-1-Apt-El-Rodeito-Best-House-Marbella-584x438.jpg 584w, https:\\\/\\\/besthousemarbella.com\\\/wp-content\\\/uploads\\\/2026\\\/04\\\/Salon-1-Apt-El-Rodeito-Best-House-Marbella-1536x1152.jpg 1536w, https:\\\/\\\/besthousemarbella.com\\\/wp-content\\\/uploads\\\/2026\\\/04\\\/Salon-1-Apt-El-Rodeito-Best-House-Marbella-2048x1536.jpg 2048w&quot;,&quot;sizes&quot;:&quot;(max-width: 584px) 100vw, 584px&quot;},{&quot;image&quot;:&quot;https:\\\/\\\/besthousemarbella.com\\\/wp-content\\\/uploads\\\/2026\\\/04\\\/Cocina-AP-El-Rodeito-Best-House-Marbella-584x438.jpg&quot;,&quot;alt&quot;:&quot;&quot;,&quot;width&quot;:584,&quot;height&quot;:438,&quot;srcset&quot;:&quot;https:\\\/\\\/besthousemarbella.com\\\/wp-content\\\/uploads\\\/2026\\\/04\\\/Cocina-AP-El-Rodeito-Best-House-Marbella-584x438.jpg 584w, https:\\\/\\\/besthousemarbella.com\\\/wp-content\\\/uploads\\\/2026\\\/04\\\/Cocina-AP-El-Rodeito-Best-House-Marbella-1536x1152.jpg 1536w, https:\\\/\\\/besthousemarbella.com\\\/wp-content\\\/uploads\\\/2026\\\/04\\\/Cocina-AP-El-Rodeito-Best-House-Marbella-2048x1536.jpg 2048w&quot;,&quot;sizes&quot;:&quot;(max-width: 584px) 100vw, 584px&quot;},{&quot;image&quot;:&quot;https:\\\/\\\/besthousemarbella.com\\\/wp-content\\\/uploads\\\/2026\\\/04\\\/Cocina-2-Apt-El-rodeito-Best-House-Marbella-584x438.jpg&quot;,&quot;alt&quot;:&quot;&quot;,&quot;width&quot;:584,&quot;height&quot;:438,&quot;srcset&quot;:&quot;https:\\\/\\\/besthousemarbella.com\\\/wp-content\\\/uploads\\\/2026\\\/04\\\/Cocina-2-Apt-El-rodeito-Best-House-Marbella-584x438.jpg 584w, https:\\\/\\\/besthousemarbella.com\\\/wp-content\\\/uploads\\\/2026\\\/04\\\/Cocina-2-Apt-El-rodeito-Best-House-Marbella-1536x1152.jpg 1536w, https:\\\/\\\/besthousemarbella.com\\\/wp-content\\\/uploads\\\/2026\\\/04\\\/Cocina-2-Apt-El-rodeito-Best-House-Marbella-2048x1536.jpg 2048w&quot;,&quot;sizes&quot;:&quot;(max-width: 584px) 100vw, 584px&quot;},{&quot;image&quot;:&quot;https:\\\/\\\/besthousemarbella.com\\\/wp-content\\\/uploads\\\/2026\\\/04\\\/Hab-3-Apt-El-Rodeito-Best-House-Marbella-584x438.jpg&quot;,&quot;alt&quot;:&quot;&quot;,&quot;width&quot;:584,&quot;height&quot;:438,&quot;srcset&quot;:&quot;https:\\\/\\\/besthousemarbella.com\\\/wp-content\\\/uploads\\\/2026\\\/04\\\/Hab-3-Apt-El-Rodeito-Best-House-Marbella-584x438.jpg 584w, https:\\\/\\\/besthousemarbella.com\\\/wp-content\\\/uploads\\\/2026\\\/04\\\/Hab-3-Apt-El-Rodeito-Best-House-Marbella-1536x1152.jpg 1536w, https:\\\/\\\/besthousemarbella.com\\\/wp-content\\\/uploads\\\/2026\\\/04\\\/Hab-3-Apt-El-Rodeito-Best-House-Marbella-2048x1536.jpg 2048w&quot;,&quot;sizes&quot;:&quot;(max-width: 584px) 100vw, 584px&quot;},{&quot;image&quot;:&quot;https:\\\/\\\/besthousemarbella.com\\\/wp-content\\\/uploads\\\/2026\\\/04\\\/Hab-2-Apt-el-Rodeito-Best-House-Marbella-584x438.jpg&quot;,&quot;alt&quot;:&quot;&quot;,&quot;width&quot;:584,&quot;height&quot;:438,&quot;srcset&quot;:&quot;https:\\\/\\\/besthousemarbella.com\\\/wp-content\\\/uploads\\\/2026\\\/04\\\/Hab-2-Apt-el-Rodeito-Best-House-Marbella-584x438.jpg 584w, https:\\\/\\\/besthousemarbella.com\\\/wp-content\\\/uploads\\\/2026\\\/04\\\/Hab-2-Apt-el-Rodeito-Best-House-Marbella-1536x1152.jpg 1536w, https:\\\/\\\/besthousemarbella.com\\\/wp-content\\\/uploads\\\/2026\\\/04\\\/Hab-2-Apt-el-Rodeito-Best-House-Marbella-2048x1536.jpg 2048w&quot;,&quot;sizes&quot;:&quot;(max-width: 584px) 100vw, 584px&quot;},{&quot;image&quot;:&quot;https:\\\/\\\/besthousemarbella.com\\\/wp-content\\\/uploads\\\/2026\\\/04\\\/Hab-Apt-El-Rodeito-Best-House-Marbella-584x438.jpg&quot;,&quot;alt&quot;:&quot;&quot;,&quot;width&quot;:584,&quot;height&quot;:438,&quot;srcset&quot;:&quot;https:\\\/\\\/besthousemarbella.com\\\/wp-content\\\/uploads\\\/2026\\\/04\\\/Hab-Apt-El-Rodeito-Best-House-Marbella-584x438.jpg 584w, https:\\\/\\\/besthousemarbella.com\\\/wp-content\\\/uploads\\\/2026\\\/04\\\/Hab-Apt-El-Rodeito-Best-House-Marbella-1536x1152.jpg 1536w, https:\\\/\\\/besthousemarbella.com\\\/wp-content\\\/uploads\\\/2026\\\/04\\\/Hab-Apt-El-Rodeito-Best-House-Marbella-2048x1536.jpg 2048w&quot;,&quot;sizes&quot;:&quot;(max-width: 584px) 100vw, 584px&quot;}]\">\n\t<div class=\"item-wrap item-wrap-no-frame h-100\">\n\t\t<div class=\"d-flex flex-column align-items-center h-100\">\n\t\t\t<div class=\"item-header\">\n\t\t\t\t\t\t\t\t<div class=\"labels-wrap d-flex align-items-center gap-1\" role=\"group\"> \n\n\t<a href=\"https:\/\/besthousemarbella.com\/fr\/status\/a-vendre\/\" class=\"label-status label status-color-364\">\n\t\t\t\t\tA vendre\n\t\t\t\t<\/a>       \n\n<\/div>\n\t\t\t\t<ul class=\"item-price-wrap d-flex flex-column gap-2\" role=\"list\">\n\t<li class=\"item-price\"><span class=\"price\">450.000\u20ac<\/span><span class=\"price-postfix\"><\/span><\/li><\/ul>\t\t\t\t<ul class=\"item-tools d-flex align-items-center justify-content-center gap-1\">\n        <li class=\"item-tool item-preview\">\n        <span class=\"hz-show-lightbox-js item-tool-preview text-center\" data-listid=\"39923\">\n            <span data-bs-toggle=\"tooltip\" data-bs-placement=\"top\" title=\"Preview\">\n                <i class=\"houzez-icon icon-expand-3\"><\/i>   \n            <\/span>\n        <\/span><!-- item-tool-favorite -->\n    <\/li><!-- item-tool -->\n        \n        <li class=\"item-tool item-favorite\">\n        <span class=\"add-favorite-js item-tool-favorite text-center\" data-bs-toggle=\"tooltip\" data-bs-placement=\"top\" title=\"Favourite\" data-listid=\"39923\">\n            <i class=\"houzez-icon icon-love-it \"><\/i>\n        <\/span><!-- item-tool-favorite -->\n    <\/li><!-- item-tool -->\n    \n        <li class=\"item-tool item-compare\">\n        <span class=\"houzez_compare compare-39923 item-tool-compare text-center\" data-bs-toggle=\"tooltip\" data-bs-placement=\"top\" title=\"Add to Compare\" data-listing_id=\"39923\" data-listing_image=\"https:\/\/besthousemarbella.com\/wp-content\/uploads\/2026\/04\/Pisci-Apt-El-Rodeito-Best-House-Marbella-584x438.jpg\">\n            <i class=\"houzez-icon icon-add-circle\"><\/i>\n            <!-- <i class=\"houzez-icon icon-subtract-circle\"><\/i> -->\n        <\/span><!-- item-tool-compare -->\n    <\/li><!-- item-tool -->\n    <\/ul><!-- item-tools -->\n\t\t\t\t<div class=\"listing-image-wrap\">\n\t<div class=\"listing-thumb\">\n\t\t<a target=\"_self\" href=\"https:\/\/besthousemarbella.com\/fr\/property\/appartement-a-fort-potentiel-a-el-rodeito\/\" class=\"listing-featured-thumb hover-effect image-wrap\" role=\"link\">\n\t\t\t<img decoding=\"async\" width=\"584\" height=\"438\" src=\"https:\/\/besthousemarbella.com\/wp-content\/uploads\/2026\/04\/Pisci-Apt-El-Rodeito-Best-House-Marbella-584x438.jpg\" class=\"img-fluid wp-post-image\" alt=\"Image from \u2013\" title=\"\">\t\t<\/a><!-- hover-effect -->\n\t<\/div>\n<\/div>\t\t\t\t<div class=\"preview_loader\"><\/div>\n\t\t\t<\/div>\n\t\t\t<div class=\"item-body w-100 flex-grow-1\">\n\t\t\t\t<h2 class=\"item-title mb-2 \">\n\t<a target=\"_self\" href=\"https:\/\/besthousemarbella.com\/fr\/property\/appartement-a-fort-potentiel-a-el-rodeito\/\" role=\"link\">Appartement \u00e0 fort potentiel \u00e0 El Rodeito<\/a>\n<\/h2><!-- item-title -->\t\t\t\t<address class=\"item-address mb-2\"><i class=\"houzez-icon icon-pin me-1\" aria-hidden=\"true\"><\/i><span>El Rodeito, Nueva Andaluc\u00eda<\/span><\/address>\t\t\t\t\t\t\t\t<ul class=\"item-amenities d-flex flex-wrap align-items-center gap-2 mb-2 item-amenities-with-icons\" role=\"list\">\n\t<li class=\"h-beds d-flex align-items-center me-1\"><i class=\"houzez-icon icon-hotel-double-bed-1 me-2\"><\/i><span class=\"item-amenities-text\">Beds:<\/span> <span class=\"hz-figure\">3<\/span><\/li><li class=\"h-baths d-flex align-items-center me-1\"><i class=\"houzez-icon icon-bathroom-shower-1 me-2\"><\/i><span class=\"item-amenities-text\">Baths:<\/span> <span class=\"hz-figure\">2<\/span><\/li><li class=\"h-area d-flex align-items-center me-1\"><i class=\"houzez-icon icon-ruler-triangle me-2\"><\/i><span class=\"hz-figure me-1\">120<\/span> <span class=\"hz-figure area_postfix\">m\u00b2<\/span><\/li><li class=\"h-type d-flex w-100\" role=\"listitem\"><span>Appartement<\/span><\/li><\/ul>\t\t\t\t<a class=\"btn btn-primary btn-item d-md-none d-xl-flex item-no-footer\" target=\"_self\" href=\"https:\/\/besthousemarbella.com\/fr\/property\/appartement-a-fort-potentiel-a-el-rodeito\/\">\n\tDetails<\/a><!-- btn-item -->\n\t\t\t<\/div>\n\t\t\t\t\t<\/div>\n\t<\/div>\n<\/div>        <\/div><!-- listing-view -->\n\n                <div id=\"fave-pagination-loadmore\" class=\"load-more-wrap mb-4 fave-load-more\">\n            <a class=\"btn btn-load-more btn-primary-outlined\"\n               data-pagination_type=\"loadmore\"\n               data-paged=\"2\" \n               data-posts_limit=\"3\" \n               data-card=\"v1\" \n               data-property_type=\"\" data-property_status=\"\" data-property_country=\"\" data-property_state=\"\" data-property_city=\"\" data-property_area=\"\" data-property_label=\"\" data-property_ids=\"\" data-property_id=\"\" data-houzez_user_role=\"\" data-featured_prop=\"\" data-sort_by=\"\" data-offset=\"\" data-post_status=\"all\" data-min_price=\"\" data-max_price=\"\" data-min_beds=\"\" data-max_beds=\"\" data-min_baths=\"\" data-max_baths=\"\" data-properties_by_agents=\"\" data-properties_by_agencies=\"\" data-hide_date=\"1\" data-nav_position=\"\"             >\n            <span class=\"houzez-loader-js houzez-hidden spinner-border spinner-border-sm\" aria-hidden=\"true\"><\/span>Charger plus \n            <\/a>\n        <\/div>\n            <\/div><!-- property-grid-module -->\n    \t\t\t\t<\/div>\n\t\t\t\t<\/div>\n\t\t\t\t<div class=\"elementor-element elementor-element-1469077 elementor-widget elementor-widget-houzez_elementor_space\" data-id=\"1469077\" data-element_type=\"widget\" data-e-type=\"widget\" data-widget_type=\"houzez_elementor_space.default\">\n\t\t\t\t<div class=\"elementor-widget-container\">\n\t\t\t\t\t        <div class=\"houzez-spacer\">\n            <div class=\"houzez-spacer-inner\"><\/div>\n        <\/div>\n        \t\t\t\t<\/div>\n\t\t\t\t<\/div>\n\t\t\t\t<div class=\"elementor-element elementor-element-e5c0411 elementor-widget elementor-widget-heading\" data-id=\"e5c0411\" data-element_type=\"widget\" data-e-type=\"widget\" data-widget_type=\"heading.default\">\n\t\t\t\t<div class=\"elementor-widget-container\">\n\t\t\t\t\t<h2 class=\"elementor-heading-title elementor-size-default\">Foire aux questions sur les imp\u00f4ts fonciers \u00e0 Marbella<\/h2>\t\t\t\t<\/div>\n\t\t\t\t<\/div>\n\t\t\t\t<div class=\"elementor-element elementor-element-0d09319 elementor-widget elementor-widget-text-editor\" data-id=\"0d09319\" data-element_type=\"widget\" data-e-type=\"widget\" data-widget_type=\"text-editor.default\">\n\t\t\t\t<div class=\"elementor-widget-container\">\n\t\t\t\t\t\t\t\t\t<p>Vous trouverez ci-dessous les r\u00e9ponses aux questions les plus fr\u00e9quentes concernant les taxes lors de l&#8217;achat d&#8217;un bien immobilier \u00e0 Marbella. Cette FAQ couvre les principales pr\u00e9occupations des r\u00e9sidents et des non-r\u00e9sidents, vous aidant \u00e0 comprendre les obligations fiscales, les co\u00fbts et les d\u00e9lais avant de finaliser l&#8217;achat d&#8217;un bien immobilier en Espagne. <\/p>\t\t\t\t\t\t\t\t<\/div>\n\t\t\t\t<\/div>\n\t\t\t\t<div class=\"elementor-element elementor-element-0677c03 elementor-widget elementor-widget-houzez_elementor_space\" data-id=\"0677c03\" data-element_type=\"widget\" data-e-type=\"widget\" data-widget_type=\"houzez_elementor_space.default\">\n\t\t\t\t<div class=\"elementor-widget-container\">\n\t\t\t\t\t        <div class=\"houzez-spacer\">\n            <div class=\"houzez-spacer-inner\"><\/div>\n        <\/div>\n        \t\t\t\t<\/div>\n\t\t\t\t<\/div>\n\t\t\t\t<div class=\"elementor-element elementor-element-b5691e6 elementor-widget elementor-widget-accordion\" data-id=\"b5691e6\" data-element_type=\"widget\" data-e-type=\"widget\" data-widget_type=\"accordion.default\">\n\t\t\t\t<div class=\"elementor-widget-container\">\n\t\t\t\t\t\t\t<div class=\"elementor-accordion\">\n\t\t\t\t\t\t\t<div class=\"elementor-accordion-item\">\n\t\t\t\t\t<h3 id=\"elementor-tab-title-1901\" class=\"elementor-tab-title\" data-tab=\"1\" role=\"button\" aria-controls=\"elementor-tab-content-1901\" aria-expanded=\"false\">\n\t\t\t\t\t\t\t\t\t\t\t\t\t<span class=\"elementor-accordion-icon elementor-accordion-icon-right\" aria-hidden=\"true\">\n\t\t\t\t\t\t\t\t\t\t\t\t\t\t\t<span class=\"elementor-accordion-icon-closed\"><svg class=\"e-font-icon-svg e-fas-plus\" viewBox=\"0 0 448 512\" xmlns=\"http:\/\/www.w3.org\/2000\/svg\"><path d=\"M416 208H272V64c0-17.67-14.33-32-32-32h-32c-17.67 0-32 14.33-32 32v144H32c-17.67 0-32 14.33-32 32v32c0 17.67 14.33 32 32 32h144v144c0 17.67 14.33 32 32 32h32c17.67 0 32-14.33 32-32V304h144c17.67 0 32-14.33 32-32v-32c0-17.67-14.33-32-32-32z\"><\/path><\/svg><\/span>\n\t\t\t\t\t\t\t\t<span class=\"elementor-accordion-icon-opened\"><svg class=\"e-font-icon-svg e-fas-minus\" viewBox=\"0 0 448 512\" xmlns=\"http:\/\/www.w3.org\/2000\/svg\"><path d=\"M416 208H32c-17.67 0-32 14.33-32 32v32c0 17.67 14.33 32 32 32h384c17.67 0 32-14.33 32-32v-32c0-17.67-14.33-32-32-32z\"><\/path><\/svg><\/span>\n\t\t\t\t\t\t\t\t\t\t\t\t\t\t<\/span>\n\t\t\t\t\t\t\t\t\t\t\t\t<a class=\"elementor-accordion-title\" tabindex=\"0\">Les non-r\u00e9sidents paient-ils des imp\u00f4ts plus \u00e9lev\u00e9s lorsqu'ils ach\u00e8tent un bien immobilier \u00e0 Marbella ?<\/a>\n\t\t\t\t\t<\/h3>\n\t\t\t\t\t<div id=\"elementor-tab-content-1901\" class=\"elementor-tab-content elementor-clearfix\" data-tab=\"1\" role=\"region\" aria-labelledby=\"elementor-tab-title-1901\"><p>Non. Les non-r\u00e9sidents paient les m\u00eames taxes d&#8217;achat que les r\u00e9sidents espagnols lorsqu&#8217;ils ach\u00e8tent un bien immobilier \u00e0 Marbella. Les diff\u00e9rences ne s&#8217;appliquent qu&#8217;aux taxes annuelles apr\u00e8s l&#8217;achat, telles que l&#8217;imp\u00f4t sur le revenu des non-r\u00e9sidents ou l&#8217;imp\u00f4t sur la fortune, en fonction de la situation individuelle.  <\/p>\n<\/div>\n\t\t\t\t<\/div>\n\t\t\t\t\t\t\t<div class=\"elementor-accordion-item\">\n\t\t\t\t\t<h3 id=\"elementor-tab-title-1902\" class=\"elementor-tab-title\" data-tab=\"2\" role=\"button\" aria-controls=\"elementor-tab-content-1902\" aria-expanded=\"false\">\n\t\t\t\t\t\t\t\t\t\t\t\t\t<span class=\"elementor-accordion-icon elementor-accordion-icon-right\" aria-hidden=\"true\">\n\t\t\t\t\t\t\t\t\t\t\t\t\t\t\t<span class=\"elementor-accordion-icon-closed\"><svg class=\"e-font-icon-svg e-fas-plus\" viewBox=\"0 0 448 512\" xmlns=\"http:\/\/www.w3.org\/2000\/svg\"><path d=\"M416 208H272V64c0-17.67-14.33-32-32-32h-32c-17.67 0-32 14.33-32 32v144H32c-17.67 0-32 14.33-32 32v32c0 17.67 14.33 32 32 32h144v144c0 17.67 14.33 32 32 32h32c17.67 0 32-14.33 32-32V304h144c17.67 0 32-14.33 32-32v-32c0-17.67-14.33-32-32-32z\"><\/path><\/svg><\/span>\n\t\t\t\t\t\t\t\t<span class=\"elementor-accordion-icon-opened\"><svg class=\"e-font-icon-svg e-fas-minus\" viewBox=\"0 0 448 512\" xmlns=\"http:\/\/www.w3.org\/2000\/svg\"><path d=\"M416 208H32c-17.67 0-32 14.33-32 32v32c0 17.67 14.33 32 32 32h384c17.67 0 32-14.33 32-32v-32c0-17.67-14.33-32-32-32z\"><\/path><\/svg><\/span>\n\t\t\t\t\t\t\t\t\t\t\t\t\t\t<\/span>\n\t\t\t\t\t\t\t\t\t\t\t\t<a class=\"elementor-accordion-title\" tabindex=\"0\">Quelles taxes dois-je payer lors de l'achat d'un bien immobilier d'occasion \u00e0 Marbella ?<\/a>\n\t\t\t\t\t<\/h3>\n\t\t\t\t\t<div id=\"elementor-tab-content-1902\" class=\"elementor-tab-content elementor-clearfix\" data-tab=\"2\" role=\"region\" aria-labelledby=\"elementor-tab-title-1902\"><p>Lors de l&#8217;achat d&#8217;un bien immobilier d&#8217;occasion \u00e0 Marbella, les acheteurs doivent s&#8217;acquitter de l&#8217;imp\u00f4t sur les transferts immobiliers (ITP). En Andalousie, le taux de l&#8217;ITP est de 7 % du prix d&#8217;achat, payable dans les 30 jours suivant la signature de l&#8217;acte de propri\u00e9t\u00e9. <\/p>\n<\/div>\n\t\t\t\t<\/div>\n\t\t\t\t\t\t\t<div class=\"elementor-accordion-item\">\n\t\t\t\t\t<h3 id=\"elementor-tab-title-1903\" class=\"elementor-tab-title\" data-tab=\"3\" role=\"button\" aria-controls=\"elementor-tab-content-1903\" aria-expanded=\"false\">\n\t\t\t\t\t\t\t\t\t\t\t\t\t<span class=\"elementor-accordion-icon elementor-accordion-icon-right\" aria-hidden=\"true\">\n\t\t\t\t\t\t\t\t\t\t\t\t\t\t\t<span class=\"elementor-accordion-icon-closed\"><svg class=\"e-font-icon-svg e-fas-plus\" viewBox=\"0 0 448 512\" xmlns=\"http:\/\/www.w3.org\/2000\/svg\"><path d=\"M416 208H272V64c0-17.67-14.33-32-32-32h-32c-17.67 0-32 14.33-32 32v144H32c-17.67 0-32 14.33-32 32v32c0 17.67 14.33 32 32 32h144v144c0 17.67 14.33 32 32 32h32c17.67 0 32-14.33 32-32V304h144c17.67 0 32-14.33 32-32v-32c0-17.67-14.33-32-32-32z\"><\/path><\/svg><\/span>\n\t\t\t\t\t\t\t\t<span class=\"elementor-accordion-icon-opened\"><svg class=\"e-font-icon-svg e-fas-minus\" viewBox=\"0 0 448 512\" xmlns=\"http:\/\/www.w3.org\/2000\/svg\"><path d=\"M416 208H32c-17.67 0-32 14.33-32 32v32c0 17.67 14.33 32 32 32h384c17.67 0 32-14.33 32-32v-32c0-17.67-14.33-32-32-32z\"><\/path><\/svg><\/span>\n\t\t\t\t\t\t\t\t\t\t\t\t\t\t<\/span>\n\t\t\t\t\t\t\t\t\t\t\t\t<a class=\"elementor-accordion-title\" tabindex=\"0\">Quelles taxes dois-je payer lors de l'achat d'un bien immobilier neuf \u00e0 Marbella ?<\/a>\n\t\t\t\t\t<\/h3>\n\t\t\t\t\t<div id=\"elementor-tab-content-1903\" class=\"elementor-tab-content elementor-clearfix\" data-tab=\"3\" role=\"region\" aria-labelledby=\"elementor-tab-title-1903\"><p>\u00c0 Marbella, les achats de biens immobiliers neufs sont soumis \u00e0 la TVA (IVA) \u00e0 hauteur de 10 % du prix d&#8217;achat, plus les droits de timbre (AJD) \u00e0 environ 1,2 % en Andalousie. Ces taxes sont pay\u00e9es au moment de la signature de l&#8217;acte notari\u00e9. <\/p>\n<\/div>\n\t\t\t\t<\/div>\n\t\t\t\t\t\t\t<div class=\"elementor-accordion-item\">\n\t\t\t\t\t<h3 id=\"elementor-tab-title-1904\" class=\"elementor-tab-title\" data-tab=\"4\" role=\"button\" aria-controls=\"elementor-tab-content-1904\" aria-expanded=\"false\">\n\t\t\t\t\t\t\t\t\t\t\t\t\t<span class=\"elementor-accordion-icon elementor-accordion-icon-right\" aria-hidden=\"true\">\n\t\t\t\t\t\t\t\t\t\t\t\t\t\t\t<span class=\"elementor-accordion-icon-closed\"><svg class=\"e-font-icon-svg e-fas-plus\" viewBox=\"0 0 448 512\" xmlns=\"http:\/\/www.w3.org\/2000\/svg\"><path d=\"M416 208H272V64c0-17.67-14.33-32-32-32h-32c-17.67 0-32 14.33-32 32v144H32c-17.67 0-32 14.33-32 32v32c0 17.67 14.33 32 32 32h144v144c0 17.67 14.33 32 32 32h32c17.67 0 32-14.33 32-32V304h144c17.67 0 32-14.33 32-32v-32c0-17.67-14.33-32-32-32z\"><\/path><\/svg><\/span>\n\t\t\t\t\t\t\t\t<span class=\"elementor-accordion-icon-opened\"><svg class=\"e-font-icon-svg e-fas-minus\" viewBox=\"0 0 448 512\" xmlns=\"http:\/\/www.w3.org\/2000\/svg\"><path d=\"M416 208H32c-17.67 0-32 14.33-32 32v32c0 17.67 14.33 32 32 32h384c17.67 0 32-14.33 32-32v-32c0-17.67-14.33-32-32-32z\"><\/path><\/svg><\/span>\n\t\t\t\t\t\t\t\t\t\t\t\t\t\t<\/span>\n\t\t\t\t\t\t\t\t\t\t\t\t<a class=\"elementor-accordion-title\" tabindex=\"0\">Quand dois-je payer les imp\u00f4ts ?<\/a>\n\t\t\t\t\t<\/h3>\n\t\t\t\t\t<div id=\"elementor-tab-content-1904\" class=\"elementor-tab-content elementor-clearfix\" data-tab=\"4\" role=\"region\" aria-labelledby=\"elementor-tab-title-1904\"><p>Les taxes sont pay\u00e9es peu apr\u00e8s la signature de l&#8217;acte notari\u00e9, g\u00e9n\u00e9ralement dans les 30 jours.<\/p>\n<\/div>\n\t\t\t\t<\/div>\n\t\t\t\t\t\t\t<div class=\"elementor-accordion-item\">\n\t\t\t\t\t<h3 id=\"elementor-tab-title-1905\" class=\"elementor-tab-title\" data-tab=\"5\" role=\"button\" aria-controls=\"elementor-tab-content-1905\" aria-expanded=\"false\">\n\t\t\t\t\t\t\t\t\t\t\t\t\t<span class=\"elementor-accordion-icon elementor-accordion-icon-right\" aria-hidden=\"true\">\n\t\t\t\t\t\t\t\t\t\t\t\t\t\t\t<span class=\"elementor-accordion-icon-closed\"><svg class=\"e-font-icon-svg e-fas-plus\" viewBox=\"0 0 448 512\" xmlns=\"http:\/\/www.w3.org\/2000\/svg\"><path d=\"M416 208H272V64c0-17.67-14.33-32-32-32h-32c-17.67 0-32 14.33-32 32v144H32c-17.67 0-32 14.33-32 32v32c0 17.67 14.33 32 32 32h144v144c0 17.67 14.33 32 32 32h32c17.67 0 32-14.33 32-32V304h144c17.67 0 32-14.33 32-32v-32c0-17.67-14.33-32-32-32z\"><\/path><\/svg><\/span>\n\t\t\t\t\t\t\t\t<span class=\"elementor-accordion-icon-opened\"><svg class=\"e-font-icon-svg e-fas-minus\" viewBox=\"0 0 448 512\" xmlns=\"http:\/\/www.w3.org\/2000\/svg\"><path d=\"M416 208H32c-17.67 0-32 14.33-32 32v32c0 17.67 14.33 32 32 32h384c17.67 0 32-14.33 32-32v-32c0-17.67-14.33-32-32-32z\"><\/path><\/svg><\/span>\n\t\t\t\t\t\t\t\t\t\t\t\t\t\t<\/span>\n\t\t\t\t\t\t\t\t\t\t\t\t<a class=\"elementor-accordion-title\" tabindex=\"0\">Ai-je besoin d'un avocat pour acheter un bien immobilier \u00e0 Marbella ?<\/a>\n\t\t\t\t\t<\/h3>\n\t\t\t\t\t<div id=\"elementor-tab-content-1905\" class=\"elementor-tab-content elementor-clearfix\" data-tab=\"5\" role=\"region\" aria-labelledby=\"elementor-tab-title-1905\"><p data-start=\"3855\" data-end=\"4147\">Bien que le recours \u00e0 un avocat ne soit pas obligatoire l\u00e9galement, il est fortement recommand\u00e9, en particulier pour les acheteurs \u00e9trangers. Un avocat sp\u00e9cialis\u00e9 en droit immobilier garantit une diligence raisonnable, v\u00e9rifie la propri\u00e9t\u00e9 et les dettes, examine les contrats et confirme que le bien immobilier est conforme aux lois espagnoles en mati\u00e8re d&#8217;urbanisme. La repr\u00e9sentation juridique r\u00e9duit consid\u00e9rablement les risques et garantit un processus d&#8217;achat s\u00fbr et transparent.  <\/p>\n<\/div>\n\t\t\t\t<\/div>\n\t\t\t\t\t\t\t<div class=\"elementor-accordion-item\">\n\t\t\t\t\t<h3 id=\"elementor-tab-title-1906\" class=\"elementor-tab-title\" data-tab=\"6\" role=\"button\" aria-controls=\"elementor-tab-content-1906\" aria-expanded=\"false\">\n\t\t\t\t\t\t\t\t\t\t\t\t\t<span class=\"elementor-accordion-icon elementor-accordion-icon-right\" aria-hidden=\"true\">\n\t\t\t\t\t\t\t\t\t\t\t\t\t\t\t<span class=\"elementor-accordion-icon-closed\"><svg class=\"e-font-icon-svg e-fas-plus\" viewBox=\"0 0 448 512\" xmlns=\"http:\/\/www.w3.org\/2000\/svg\"><path d=\"M416 208H272V64c0-17.67-14.33-32-32-32h-32c-17.67 0-32 14.33-32 32v144H32c-17.67 0-32 14.33-32 32v32c0 17.67 14.33 32 32 32h144v144c0 17.67 14.33 32 32 32h32c17.67 0 32-14.33 32-32V304h144c17.67 0 32-14.33 32-32v-32c0-17.67-14.33-32-32-32z\"><\/path><\/svg><\/span>\n\t\t\t\t\t\t\t\t<span class=\"elementor-accordion-icon-opened\"><svg class=\"e-font-icon-svg e-fas-minus\" viewBox=\"0 0 448 512\" xmlns=\"http:\/\/www.w3.org\/2000\/svg\"><path d=\"M416 208H32c-17.67 0-32 14.33-32 32v32c0 17.67 14.33 32 32 32h384c17.67 0 32-14.33 32-32v-32c0-17.67-14.33-32-32-32z\"><\/path><\/svg><\/span>\n\t\t\t\t\t\t\t\t\t\t\t\t\t\t<\/span>\n\t\t\t\t\t\t\t\t\t\t\t\t<a class=\"elementor-accordion-title\" tabindex=\"0\">Les taxes peuvent-elles \u00eatre pay\u00e9es en plusieurs versements lors de l'achat d'un bien immobilier en Espagne ?<\/a>\n\t\t\t\t\t<\/h3>\n\t\t\t\t\t<div id=\"elementor-tab-content-1906\" class=\"elementor-tab-content elementor-clearfix\" data-tab=\"6\" role=\"region\" aria-labelledby=\"elementor-tab-title-1906\"><p>Dans la plupart des cas, les taxes telles que l&#8217;ITP et la TVA sont dues peu apr\u00e8s la notarisation. Dans certaines r\u00e9gions, les autorit\u00e9s autorisent le paiement \u00e9chelonn\u00e9 ou le report si celui-ci est approuv\u00e9, mais cela n&#8217;est pas garanti. Renseignez-vous aupr\u00e8s de votre avocat ou de votre gestionnaire pour conna\u00eetre les proc\u00e9dures sp\u00e9cifiques.  <\/p>\n<\/div>\n\t\t\t\t<\/div>\n\t\t\t\t\t\t\t<div class=\"elementor-accordion-item\">\n\t\t\t\t\t<h3 id=\"elementor-tab-title-1907\" class=\"elementor-tab-title\" data-tab=\"7\" role=\"button\" aria-controls=\"elementor-tab-content-1907\" aria-expanded=\"false\">\n\t\t\t\t\t\t\t\t\t\t\t\t\t<span class=\"elementor-accordion-icon elementor-accordion-icon-right\" aria-hidden=\"true\">\n\t\t\t\t\t\t\t\t\t\t\t\t\t\t\t<span class=\"elementor-accordion-icon-closed\"><svg class=\"e-font-icon-svg e-fas-plus\" viewBox=\"0 0 448 512\" xmlns=\"http:\/\/www.w3.org\/2000\/svg\"><path d=\"M416 208H272V64c0-17.67-14.33-32-32-32h-32c-17.67 0-32 14.33-32 32v144H32c-17.67 0-32 14.33-32 32v32c0 17.67 14.33 32 32 32h144v144c0 17.67 14.33 32 32 32h32c17.67 0 32-14.33 32-32V304h144c17.67 0 32-14.33 32-32v-32c0-17.67-14.33-32-32-32z\"><\/path><\/svg><\/span>\n\t\t\t\t\t\t\t\t<span class=\"elementor-accordion-icon-opened\"><svg class=\"e-font-icon-svg e-fas-minus\" viewBox=\"0 0 448 512\" xmlns=\"http:\/\/www.w3.org\/2000\/svg\"><path d=\"M416 208H32c-17.67 0-32 14.33-32 32v32c0 17.67 14.33 32 32 32h384c17.67 0 32-14.33 32-32v-32c0-17.67-14.33-32-32-32z\"><\/path><\/svg><\/span>\n\t\t\t\t\t\t\t\t\t\t\t\t\t\t<\/span>\n\t\t\t\t\t\t\t\t\t\t\t\t<a class=\"elementor-accordion-title\" tabindex=\"0\">L'ITP varie-t-il en fonction de la valeur immobili\u00e8re \u00e0 Marbella ?<\/a>\n\t\t\t\t\t<\/h3>\n\t\t\t\t\t<div id=\"elementor-tab-content-1907\" class=\"elementor-tab-content elementor-clearfix\" data-tab=\"7\" role=\"region\" aria-labelledby=\"elementor-tab-title-1907\"><p>Dans certaines r\u00e9gions d&#8217;Andalousie, les droits de mutation (ITP) peuvent varier l\u00e9g\u00e8rement en fonction des r\u00e9glementations municipales ou des tranches de valeur immobili\u00e8re, mais dans la plupart des cas de revente \u00e0 Marbella, vous payez un ITP forfaitaire de 7 % sur le prix d&#8217;achat d\u00e9clar\u00e9. Votre conseiller vous confirmera l&#8217;applicabilit\u00e9 exacte. <\/p>\n<\/div>\n\t\t\t\t<\/div>\n\t\t\t\t\t\t\t\t\t\t<script type=\"application\/ld+json\">{\"@context\":\"https:\\\/\\\/schema.org\",\"@type\":\"FAQPage\",\"mainEntity\":[{\"@type\":\"Question\",\"name\":\"Les non-r\\u00e9sidents paient-ils des imp\\u00f4ts plus \\u00e9lev\\u00e9s lorsqu'ils ach\\u00e8tent un bien immobilier \\u00e0 Marbella ?\",\"acceptedAnswer\":{\"@type\":\"Answer\",\"text\":\"<p>Non. Les non-r\\u00e9sidents paient les m\\u00eames taxes d&#8217;achat que les r\\u00e9sidents espagnols lorsqu&#8217;ils ach\\u00e8tent un bien immobilier \\u00e0 Marbella. Les diff\\u00e9rences ne s&#8217;appliquent qu&#8217;aux taxes annuelles apr\\u00e8s l&#8217;achat, telles que l&#8217;imp\\u00f4t sur le revenu des non-r\\u00e9sidents ou l&#8217;imp\\u00f4t sur la fortune, en fonction de la situation individuelle.  <\\\/p>\\n\"}},{\"@type\":\"Question\",\"name\":\"Quelles taxes dois-je payer lors de l'achat d'un bien immobilier d'occasion \\u00e0 Marbella ?\",\"acceptedAnswer\":{\"@type\":\"Answer\",\"text\":\"<p>Lors de l&#8217;achat d&#8217;un bien immobilier d&#8217;occasion \\u00e0 Marbella, les acheteurs doivent s&#8217;acquitter de l&#8217;imp\\u00f4t sur les transferts immobiliers (ITP). En Andalousie, le taux de l&#8217;ITP est de 7 % du prix d&#8217;achat, payable dans les 30 jours suivant la signature de l&#8217;acte de propri\\u00e9t\\u00e9. <\\\/p>\\n\"}},{\"@type\":\"Question\",\"name\":\"Quelles taxes dois-je payer lors de l'achat d'un bien immobilier neuf \\u00e0 Marbella ?\",\"acceptedAnswer\":{\"@type\":\"Answer\",\"text\":\"<p>\\u00c0 Marbella, les achats de biens immobiliers neufs sont soumis \\u00e0 la TVA (IVA) \\u00e0 hauteur de 10 % du prix d&#8217;achat, plus les droits de timbre (AJD) \\u00e0 environ 1,2 % en Andalousie. Ces taxes sont pay\\u00e9es au moment de la signature de l&#8217;acte notari\\u00e9. <\\\/p>\\n\"}},{\"@type\":\"Question\",\"name\":\"Quand dois-je payer les imp\\u00f4ts ?\",\"acceptedAnswer\":{\"@type\":\"Answer\",\"text\":\"<p>Les taxes sont pay\\u00e9es peu apr\\u00e8s la signature de l&#8217;acte notari\\u00e9, g\\u00e9n\\u00e9ralement dans les 30 jours.<\\\/p>\\n\"}},{\"@type\":\"Question\",\"name\":\"Ai-je besoin d'un avocat pour acheter un bien immobilier \\u00e0 Marbella ?\",\"acceptedAnswer\":{\"@type\":\"Answer\",\"text\":\"<p data-start=\\\"3855\\\" data-end=\\\"4147\\\">Bien que le recours \\u00e0 un avocat ne soit pas obligatoire l\\u00e9galement, il est fortement recommand\\u00e9, en particulier pour les acheteurs \\u00e9trangers. Un avocat sp\\u00e9cialis\\u00e9 en droit immobilier garantit une diligence raisonnable, v\\u00e9rifie la propri\\u00e9t\\u00e9 et les dettes, examine les contrats et confirme que le bien immobilier est conforme aux lois espagnoles en mati\\u00e8re d&#8217;urbanisme. La repr\\u00e9sentation juridique r\\u00e9duit consid\\u00e9rablement les risques et garantit un processus d&#8217;achat s\\u00fbr et transparent.  <\\\/p>\\n\"}},{\"@type\":\"Question\",\"name\":\"Les taxes peuvent-elles \\u00eatre pay\\u00e9es en plusieurs versements lors de l'achat d'un bien immobilier en Espagne ?\",\"acceptedAnswer\":{\"@type\":\"Answer\",\"text\":\"<p>Dans la plupart des cas, les taxes telles que l&#8217;ITP et la TVA sont dues peu apr\\u00e8s la notarisation. Dans certaines r\\u00e9gions, les autorit\\u00e9s autorisent le paiement \\u00e9chelonn\\u00e9 ou le report si celui-ci est approuv\\u00e9, mais cela n&#8217;est pas garanti. Renseignez-vous aupr\\u00e8s de votre avocat ou de votre gestionnaire pour conna\\u00eetre les proc\\u00e9dures sp\\u00e9cifiques.  <\\\/p>\\n\"}},{\"@type\":\"Question\",\"name\":\"L'ITP varie-t-il en fonction de la valeur immobili\\u00e8re \\u00e0 Marbella ?\",\"acceptedAnswer\":{\"@type\":\"Answer\",\"text\":\"<p>Dans certaines r\\u00e9gions d&#8217;Andalousie, les droits de mutation (ITP) peuvent varier l\\u00e9g\\u00e8rement en fonction des r\\u00e9glementations municipales ou des tranches de valeur immobili\\u00e8re, mais dans la plupart des cas de revente \\u00e0 Marbella, vous payez un ITP forfaitaire de 7 % sur le prix d&#8217;achat d\\u00e9clar\\u00e9. Votre conseiller vous confirmera l&#8217;applicabilit\\u00e9 exacte. <\\\/p>\\n\"}}]}<\/script>\n\t\t\t\t\t<\/div>\n\t\t\t\t\t\t<\/div>\n\t\t\t\t<\/div>\n\t\t\t\t<div class=\"elementor-element elementor-element-777c155 elementor-widget elementor-widget-houzez_elementor_space\" data-id=\"777c155\" data-element_type=\"widget\" data-e-type=\"widget\" data-widget_type=\"houzez_elementor_space.default\">\n\t\t\t\t<div class=\"elementor-widget-container\">\n\t\t\t\t\t        <div class=\"houzez-spacer\">\n            <div class=\"houzez-spacer-inner\"><\/div>\n        <\/div>\n        \t\t\t\t<\/div>\n\t\t\t\t<\/div>\n\t\t\t\t\t<\/div>\n\t\t\t\t<\/div>\n\t\t<div class=\"elementor-element elementor-element-eb01cc5 e-flex e-con-boxed e-con e-child\" data-id=\"eb01cc5\" data-element_type=\"container\" data-e-type=\"container\" data-settings=\"{&quot;background_background&quot;:&quot;classic&quot;}\">\n\t\t\t\t\t<div class=\"e-con-inner\">\n\t\t<div class=\"elementor-element elementor-element-5b4058f e-con-full e-flex e-con e-child\" data-id=\"5b4058f\" data-element_type=\"container\" data-e-type=\"container\">\n\t\t\t\t<div class=\"elementor-element elementor-element-f8321f1 elementor-widget elementor-widget-image\" data-id=\"f8321f1\" data-element_type=\"widget\" data-e-type=\"widget\" data-widget_type=\"image.default\">\n\t\t\t\t<div class=\"elementor-widget-container\">\n\t\t\t\t\t\t\t\t\t\t\t\t\t\t\t<img loading=\"lazy\" decoding=\"async\" width=\"2560\" height=\"384\" src=\"https:\/\/besthousemarbella.com\/wp-content\/uploads\/2026\/01\/Isotipo-Gold-BHM-scaled-1.webp\" class=\"attachment-full size-full wp-image-35023\" alt=\"Best House Marbella, isotype or. Contactez d\u00e8s aujourd&#039;hui un agent immobilier \u00e0 Marbella.\" srcset=\"https:\/\/besthousemarbella.com\/wp-content\/uploads\/2026\/01\/Isotipo-Gold-BHM-scaled-1.webp 2560w, https:\/\/besthousemarbella.com\/wp-content\/uploads\/2026\/01\/Isotipo-Gold-BHM-scaled-1-1536x230.webp 1536w, https:\/\/besthousemarbella.com\/wp-content\/uploads\/2026\/01\/Isotipo-Gold-BHM-scaled-1-2048x307.webp 2048w\" sizes=\"(max-width: 2560px) 100vw, 2560px\" title=\"\">\t\t\t\t\t\t\t\t\t\t\t\t\t\t\t<\/div>\n\t\t\t\t<\/div>\n\t\t\t\t<div class=\"elementor-element elementor-element-f3e547b animated-slow elementor-widget__width-initial elementor-widget-mobile__width-inherit elementor-invisible elementor-widget elementor-widget-houzez_elementor_section_title\" data-id=\"f3e547b\" data-element_type=\"widget\" data-e-type=\"widget\" data-settings=\"{&quot;_animation&quot;:&quot;fadeIn&quot;}\" data-widget_type=\"houzez_elementor_section_title.default\">\n\t\t\t\t<div class=\"elementor-widget-container\">\n\t\t\t\t\t            <div class=\"houzez_section_title_wrap section-title-module\">\n                                    <h2 class=\"houzez_section_title\">Obtenez les conseils d'un expert avant d'acheter<\/h2>\n                \n                                    <p class=\"houzez_section_subtitle\">Il est essentiel de bien comprendre les taxes applicables lors de l'achat d'un bien immobilier \u00e0 Marbella, mais chaque situation est diff\u00e9rente en fonction du statut de r\u00e9sidence, du type de bien immobilier et des objectifs d'investissement. Si vous envisagez d'acheter un bien immobilier \u00e0 Marbella et que vous souhaitez obtenir des conseils clairs sur les taxes et les co\u00fbts totaux, consulter un expert immobilier local peut vous aider \u00e0 \u00e9viter des erreurs co\u00fbteuses. \n\n\nLes lois fiscales changent fr\u00e9quemment, consultez un expert local pour obtenir les derniers conseils adapt\u00e9s \u00e0 vos objectifs d'investissement.<\/p>\n                            <\/div>\n            \t\t\t\t<\/div>\n\t\t\t\t<\/div>\n\t\t\t\t<div class=\"elementor-element elementor-element-fb9137f elementor-widget elementor-widget-spacer\" data-id=\"fb9137f\" data-element_type=\"widget\" data-e-type=\"widget\" data-widget_type=\"spacer.default\">\n\t\t\t\t<div class=\"elementor-widget-container\">\n\t\t\t\t\t\t\t<div class=\"elementor-spacer\">\n\t\t\t<div class=\"elementor-spacer-inner\"><\/div>\n\t\t<\/div>\n\t\t\t\t\t\t<\/div>\n\t\t\t\t<\/div>\n\t\t\t\t<div class=\"elementor-element elementor-element-4cfa536 elementor-widget elementor-widget-button\" data-id=\"4cfa536\" data-element_type=\"widget\" data-e-type=\"widget\" data-widget_type=\"button.default\">\n\t\t\t\t<div class=\"elementor-widget-container\">\n\t\t\t\t\t\t\t\t\t<div class=\"elementor-button-wrapper\">\n\t\t\t\t\t<a class=\"elementor-button elementor-button-link elementor-size-sm\" href=\"https:\/\/besthousemarbella.com\/fr\/contactez-nous\/\">\n\t\t\t\t\t\t<span class=\"elementor-button-content-wrapper\">\n\t\t\t\t\t\t<span class=\"elementor-button-icon\">\n\t\t\t\t<svg aria-hidden=\"true\" class=\"e-font-icon-svg e-fas-arrow-right\" viewBox=\"0 0 448 512\" xmlns=\"http:\/\/www.w3.org\/2000\/svg\"><path d=\"M190.5 66.9l22.2-22.2c9.4-9.4 24.6-9.4 33.9 0L441 239c9.4 9.4 9.4 24.6 0 33.9L246.6 467.3c-9.4 9.4-24.6 9.4-33.9 0l-22.2-22.2c-9.5-9.5-9.3-25 .4-34.3L311.4 296H24c-13.3 0-24-10.7-24-24v-32c0-13.3 10.7-24 24-24h287.4L190.9 101.2c-9.8-9.3-10-24.8-.4-34.3z\"><\/path><\/svg>\t\t\t<\/span>\n\t\t\t\t\t\t\t\t\t<span class=\"elementor-button-text\">Contactez d\u00e8s aujourd'hui nos experts immobiliers \u00e0 Marbella<\/span>\n\t\t\t\t\t<\/span>\n\t\t\t\t\t<\/a>\n\t\t\t\t<\/div>\n\t\t\t\t\t\t\t\t<\/div>\n\t\t\t\t<\/div>\n\t\t\t\t<\/div>\n\t\t\t\t<div class=\"elementor-element elementor-element-d1c076f elementor-widget elementor-widget-houzez_elementor_space\" data-id=\"d1c076f\" data-element_type=\"widget\" data-e-type=\"widget\" data-widget_type=\"houzez_elementor_space.default\">\n\t\t\t\t<div class=\"elementor-widget-container\">\n\t\t\t\t\t        <div class=\"houzez-spacer\">\n            <div class=\"houzez-spacer-inner\"><\/div>\n        <\/div>\n        \t\t\t\t<\/div>\n\t\t\t\t<\/div>\n\t\t\t\t\t<\/div>\n\t\t\t\t<\/div>\n\t\t<div class=\"elementor-element elementor-element-b0161cf e-flex e-con-boxed e-con e-parent\" data-id=\"b0161cf\" data-element_type=\"container\" data-e-type=\"container\">\n\t\t\t\t\t<div class=\"e-con-inner\">\n\t\t\t\t<div class=\"elementor-element elementor-element-cf301dd elementor-widget elementor-widget-heading\" data-id=\"cf301dd\" data-element_type=\"widget\" data-e-type=\"widget\" data-widget_type=\"heading.default\">\n\t\t\t\t<div class=\"elementor-widget-container\">\n\t\t\t\t\t<h2 class=\"elementor-heading-title elementor-size-default\">Articles de blog r\u00e9cents<\/h2>\t\t\t\t<\/div>\n\t\t\t\t<\/div>\n\t\t\t\t<div class=\"elementor-element elementor-element-2a9ce2e elementor-grid-3 elementor-grid-tablet-2 elementor-grid-mobile-1 elementor-posts--thumbnail-top elementor-widget elementor-widget-posts\" data-id=\"2a9ce2e\" data-element_type=\"widget\" data-e-type=\"widget\" data-settings=\"{&quot;pagination_type&quot;:&quot;numbers&quot;,&quot;classic_columns&quot;:&quot;3&quot;,&quot;classic_columns_tablet&quot;:&quot;2&quot;,&quot;classic_columns_mobile&quot;:&quot;1&quot;,&quot;classic_row_gap&quot;:{&quot;unit&quot;:&quot;px&quot;,&quot;size&quot;:35,&quot;sizes&quot;:[]},&quot;classic_row_gap_tablet&quot;:{&quot;unit&quot;:&quot;px&quot;,&quot;size&quot;:&quot;&quot;,&quot;sizes&quot;:[]},&quot;classic_row_gap_mobile&quot;:{&quot;unit&quot;:&quot;px&quot;,&quot;size&quot;:&quot;&quot;,&quot;sizes&quot;:[]}}\" data-widget_type=\"posts.classic\">\n\t\t\t\t<div class=\"elementor-widget-container\">\n\t\t\t\t\t\t\t<div class=\"elementor-posts-container elementor-posts elementor-posts--skin-classic elementor-grid\" role=\"list\">\n\t\t\t\t<article class=\"elementor-post elementor-grid-item post-36177 post type-post status-publish format-standard has-post-thumbnail hentry category-investissements category-acheter category-biens-immobiliers\" role=\"listitem\">\n\t\t\t\t<a class=\"elementor-post__thumbnail__link\" href=\"https:\/\/besthousemarbella.com\/fr\/blog\/taxes-lors-de-lachat-dun-bien-immobilier-a-marbella-guide-2026\/\" tabindex=\"-1\" >\n\t\t\t<div class=\"elementor-post__thumbnail\"><img loading=\"lazy\" decoding=\"async\" width=\"2048\" height=\"1380\" src=\"https:\/\/besthousemarbella.com\/wp-content\/uploads\/2025\/11\/A740626-2048x1380.webp\" class=\"attachment-2048x2048 size-2048x2048 wp-image-33075\" alt=\"Image from \u2013\" title=\"\" srcset=\"https:\/\/besthousemarbella.com\/wp-content\/uploads\/2025\/11\/A740626-2048x1380.webp 2048w, https:\/\/besthousemarbella.com\/wp-content\/uploads\/2025\/11\/A740626-1536x1035.webp 1536w\" sizes=\"(max-width: 2048px) 100vw, 2048px\"><\/div>\n\t\t<\/a>\n\t\t\t\t<div class=\"elementor-post__text\">\n\t\t\t\t<h3 class=\"elementor-post__title\">\n\t\t\t<a href=\"https:\/\/besthousemarbella.com\/fr\/blog\/taxes-lors-de-lachat-dun-bien-immobilier-a-marbella-guide-2026\/\" >\n\t\t\t\tTaxes lors de l&#8217;achat d&#8217;un bien immobilier \u00e0 Marbella (Guide 2026)\t\t\t<\/a>\n\t\t<\/h3>\n\t\t\n\t\t<a class=\"elementor-post__read-more\" href=\"https:\/\/besthousemarbella.com\/fr\/blog\/taxes-lors-de-lachat-dun-bien-immobilier-a-marbella-guide-2026\/\" aria-label=\"En savoir plus sur Taxes lors de l&#8217;achat d&#8217;un bien immobilier \u00e0 Marbella (Guide 2026)\" tabindex=\"-1\" >\n\t\t\tLire la suite \"\t\t<\/a>\n\n\t\t\t\t<\/div>\n\t\t\t\t<\/article>\n\t\t\t\t<article class=\"elementor-post elementor-grid-item post-36160 post type-post status-publish format-standard has-post-thumbnail hentry category-biens-immobiliers category-acheter category-investissements\" role=\"listitem\">\n\t\t\t\t<a class=\"elementor-post__thumbnail__link\" href=\"https:\/\/besthousemarbella.com\/fr\/blog\/guide-2026-comment-acheter-un-bien-immobilier-a-marbella-et-maximiser-votre-investissement\/\" tabindex=\"-1\" >\n\t\t\t<div class=\"elementor-post__thumbnail\"><img loading=\"lazy\" decoding=\"async\" width=\"2048\" height=\"1536\" src=\"https:\/\/besthousemarbella.com\/wp-content\/uploads\/2026\/01\/buy-property-marbella-blog.webp\" class=\"attachment-2048x2048 size-2048x2048 wp-image-37191\" alt=\"Image from \u2013\" title=\"\" srcset=\"https:\/\/besthousemarbella.com\/wp-content\/uploads\/2026\/01\/buy-property-marbella-blog.webp 2048w, https:\/\/besthousemarbella.com\/wp-content\/uploads\/2026\/01\/buy-property-marbella-blog-1536x1152.webp 1536w, https:\/\/besthousemarbella.com\/wp-content\/uploads\/2026\/01\/buy-property-marbella-blog-584x438.webp 584w\" sizes=\"(max-width: 2048px) 100vw, 2048px\"><\/div>\n\t\t<\/a>\n\t\t\t\t<div class=\"elementor-post__text\">\n\t\t\t\t<h3 class=\"elementor-post__title\">\n\t\t\t<a href=\"https:\/\/besthousemarbella.com\/fr\/blog\/guide-2026-comment-acheter-un-bien-immobilier-a-marbella-et-maximiser-votre-investissement\/\" >\n\t\t\t\tGuide 2026 : Comment acheter un bien immobilier \u00e0 Marbella et maximiser votre investissement\t\t\t<\/a>\n\t\t<\/h3>\n\t\t\n\t\t<a class=\"elementor-post__read-more\" href=\"https:\/\/besthousemarbella.com\/fr\/blog\/guide-2026-comment-acheter-un-bien-immobilier-a-marbella-et-maximiser-votre-investissement\/\" aria-label=\"En savoir plus sur Guide 2026 : Comment acheter un bien immobilier \u00e0 Marbella et maximiser votre investissement\" tabindex=\"-1\" >\n\t\t\tLire la suite \"\t\t<\/a>\n\n\t\t\t\t<\/div>\n\t\t\t\t<\/article>\n\t\t\t\t<article class=\"elementor-post elementor-grid-item post-33566 post type-post status-publish format-standard has-post-thumbnail hentry category-acheter category-biens-immobiliers category-investissements\" role=\"listitem\">\n\t\t\t\t<a class=\"elementor-post__thumbnail__link\" href=\"https:\/\/besthousemarbella.com\/fr\/blog\/10-questions-essentielles-a-poser-avant-dacheter-une-maison-a-marbella-guide-2026\/\" tabindex=\"-1\" >\n\t\t\t<div class=\"elementor-post__thumbnail\"><img loading=\"lazy\" decoding=\"async\" width=\"2048\" height=\"1152\" src=\"https:\/\/besthousemarbella.com\/wp-content\/uploads\/2025\/12\/79-of-79-2048x1152.webp\" class=\"attachment-2048x2048 size-2048x2048 wp-image-33567\" alt=\"Image from \u2013\" title=\"\" srcset=\"https:\/\/besthousemarbella.com\/wp-content\/uploads\/2025\/12\/79-of-79-2048x1152.webp 2048w, https:\/\/besthousemarbella.com\/wp-content\/uploads\/2025\/12\/79-of-79-1536x864.webp 1536w\" sizes=\"(max-width: 2048px) 100vw, 2048px\"><\/div>\n\t\t<\/a>\n\t\t\t\t<div class=\"elementor-post__text\">\n\t\t\t\t<h3 class=\"elementor-post__title\">\n\t\t\t<a href=\"https:\/\/besthousemarbella.com\/fr\/blog\/10-questions-essentielles-a-poser-avant-dacheter-une-maison-a-marbella-guide-2026\/\" >\n\t\t\t\t10 Questions Essentielles \u00e0 Poser Avant D&#8217;acheter une Maison \u00e0 Marbella (Guide 2026)\t\t\t<\/a>\n\t\t<\/h3>\n\t\t\n\t\t<a class=\"elementor-post__read-more\" href=\"https:\/\/besthousemarbella.com\/fr\/blog\/10-questions-essentielles-a-poser-avant-dacheter-une-maison-a-marbella-guide-2026\/\" aria-label=\"En savoir plus sur 10 Questions Essentielles \u00e0 Poser Avant D&#8217;acheter une Maison \u00e0 Marbella (Guide 2026)\" tabindex=\"-1\" >\n\t\t\tLire la suite \"\t\t<\/a>\n\n\t\t\t\t<\/div>\n\t\t\t\t<\/article>\n\t\t\t\t<\/div>\n\t\t\n\t\t\t\t<div class=\"e-load-more-anchor\" data-page=\"1\" data-max-page=\"5\" data-next-page=\"https:\/\/besthousemarbella.com\/fr\/wp-json\/wp\/v2\/posts\/36177\/page\/2\/\"><\/div>\n\t\t\t\t<nav class=\"elementor-pagination\" aria-label=\"Pagination\">\n\t\t\t<span aria-current=\"page\" class=\"page-numbers current\"><span class=\"elementor-screen-only\">Page<\/span>1<\/span>\n<a class=\"page-numbers\" href=\"https:\/\/besthousemarbella.com\/fr\/wp-json\/wp\/v2\/posts\/36177\/page\/2\/\"><span class=\"elementor-screen-only\">Page<\/span>2<\/a>\n<a class=\"page-numbers\" href=\"https:\/\/besthousemarbella.com\/fr\/wp-json\/wp\/v2\/posts\/36177\/page\/3\/\"><span class=\"elementor-screen-only\">Page<\/span>3<\/a>\t\t<\/nav>\n\t\t\t\t\t\t<\/div>\n\t\t\t\t<\/div>\n\t\t\t\t<div class=\"elementor-element elementor-element-e76d68f elementor-widget elementor-widget-houzez_elementor_space\" data-id=\"e76d68f\" data-element_type=\"widget\" data-e-type=\"widget\" data-widget_type=\"houzez_elementor_space.default\">\n\t\t\t\t<div class=\"elementor-widget-container\">\n\t\t\t\t\t        <div class=\"houzez-spacer\">\n            <div class=\"houzez-spacer-inner\"><\/div>\n        <\/div>\n        \t\t\t\t<\/div>\n\t\t\t\t<\/div>\n\t\t\t\t\t<\/div>\n\t\t\t\t<\/div>\n\t\t\t\t<\/div>\n\t\t","protected":false},"excerpt":{"rendered":"<p>Taxes lors de l&#8217;achat d&#8217;un bien immobilier \u00e0 Marbella (Guide 2026) Table des mati\u00e8res L&#8217;achat d&#8217;un bien immobilier \u00e0 Marbella ne se r\u00e9sume pas au<\/p>\n","protected":false},"author":2,"featured_media":33075,"comment_status":"closed","ping_status":"closed","sticky":false,"template":"elementor_header_footer","format":"standard","meta":{"footnotes":""},"categories":[469,468,344],"tags":[],"class_list":["post-36177","post","type-post","status-publish","format-standard","has-post-thumbnail","hentry","category-investissements","category-acheter","category-biens-immobiliers"],"_links":{"self":[{"href":"https:\/\/besthousemarbella.com\/fr\/wp-json\/wp\/v2\/posts\/36177","targetHints":{"allow":["GET"]}}],"collection":[{"href":"https:\/\/besthousemarbella.com\/fr\/wp-json\/wp\/v2\/posts"}],"about":[{"href":"https:\/\/besthousemarbella.com\/fr\/wp-json\/wp\/v2\/types\/post"}],"author":[{"embeddable":true,"href":"https:\/\/besthousemarbella.com\/fr\/wp-json\/wp\/v2\/users\/2"}],"replies":[{"embeddable":true,"href":"https:\/\/besthousemarbella.com\/fr\/wp-json\/wp\/v2\/comments?post=36177"}],"version-history":[{"count":0,"href":"https:\/\/besthousemarbella.com\/fr\/wp-json\/wp\/v2\/posts\/36177\/revisions"}],"wp:featuredmedia":[{"embeddable":true,"href":"https:\/\/besthousemarbella.com\/fr\/wp-json\/wp\/v2\/media\/33075"}],"wp:attachment":[{"href":"https:\/\/besthousemarbella.com\/fr\/wp-json\/wp\/v2\/media?parent=36177"}],"wp:term":[{"taxonomy":"category","embeddable":true,"href":"https:\/\/besthousemarbella.com\/fr\/wp-json\/wp\/v2\/categories?post=36177"},{"taxonomy":"post_tag","embeddable":true,"href":"https:\/\/besthousemarbella.com\/fr\/wp-json\/wp\/v2\/tags?post=36177"}],"curies":[{"name":"wp","href":"https:\/\/api.w.org\/{rel}","templated":true}]}}